{"id":12205,"date":"2025-01-21T15:35:03","date_gmt":"2025-01-21T15:35:03","guid":{"rendered":"https:\/\/sige-bs.com\/?p=12205"},"modified":"2025-01-21T15:35:05","modified_gmt":"2025-01-21T15:35:05","slug":"reforma-reglament-estrangeria-2025","status":"publish","type":"post","link":"https:\/\/sige-bs.com\/ca\/reforma-reglament-estrangeria-2025\/","title":{"rendered":"Reforma del Reglament d\u2019Estrangeria 2025"},"content":{"rendered":"\n<p>El 20 de maig de 2025 marcar\u00e0 un punt d\u2019inflexi\u00f3 en els procediments d\u2019estrangeria a Espanya, gr\u00e0cies a l\u2019entrada en vigor de la reforma del Reglament d\u2019Estrangeria aprovada el novembre de 2024. Aquest canvi normatiu introdueix modificacions significatives destinades a modernitzar, agilitzar i fer m\u00e9s eficients els tr\u00e0mits relacionats amb l\u2019autoritzaci\u00f3 de resid\u00e8ncia i treball per a persones estrangeres.<\/p>\n\n\n\n<p>En Sige, et comentem sobre la import\u00e0ncia de la reforma del reglament d&#8217;estrangeria en aquest 2025<\/p>\n\n\n\n<p><strong>Qu\u00e8 busca aquesta reforma?<\/strong><strong><br><\/strong>L\u2019objectiu principal de la reforma \u00e9s adaptar-se a les noves realitats socials i econ\u00f2miques del pa\u00eds, promovent un sistema d\u2019estrangeria m\u00e9s eficient i accessible. Es busca reduir els temps de gesti\u00f3 administrativa, simplificar els procediments burocr\u00e0tics i garantir que les persones estrangeres puguin integrar-se de manera m\u00e9s \u00e0gil i segura al teixit social i econ\u00f2mic.<\/p>\n\n\n\n<p><strong>Impacte esperat.<\/strong><br>La reforma no nom\u00e9s beneficiar\u00e0 les persones estrangeres, que veuran simplificats els processos per regularitzar la seva situaci\u00f3 al pa\u00eds, sin\u00f3 que tamb\u00e9 afavorir\u00e0 les empreses que busquen cobrir vacants en sectors estrat\u00e8gics amb talent internacional. Es preveu que aquest canvi normatiu tingui un impacte positiu en l\u2019economia en facilitar la incorporaci\u00f3 de treballadors estrangers dins un marc regulat i segur.<\/p>\n\n\n\n<p>La reforma del Reglament d\u2019Estrangeria de 2025 representa una aposta per la modernitzaci\u00f3 i l\u2019efici\u00e8ncia en un \u00e0mbit clau per a l\u2019economia i la societat espanyola. En agilitzar i simplificar els procediments, el nou reglament no nom\u00e9s permetr\u00e0 una major integraci\u00f3 de les persones estrangeres, sin\u00f3 que tamb\u00e9 enfortir\u00e0 el teixit econ\u00f2mic i social del pa\u00eds. <\/p>\n\n\n\n<p>Si tens qualsevol consulta, no dubtis a posar-te en contacte amb nosaltres a trav\u00e9s de<a href=\"https:\/\/sige-bs.com\/\"> https:\/\/sige-bs.com\/<\/a>.<\/p>\n","protected":false},"excerpt":{"rendered":"<p>El 20 de maig de 2025 marcar\u00e0 un punt d\u2019inflexi\u00f3 en els procediments d\u2019estrangeria a Espanya, gr\u00e0cies a l\u2019entrada en vigor de la reforma del Reglament d\u2019Estrangeria aprovada el novembre de 2024. Aquest canvi normatiu introdueix modificacions significatives destinades a modernitzar, agilitzar i fer m\u00e9s eficients els tr\u00e0mits relacionats amb l\u2019autoritzaci\u00f3 de resid\u00e8ncia i treball [&hellip;]<\/p>\n","protected":false},"author":3,"featured_media":12206,"comment_status":"open","ping_status":"open","sticky":false,"template":"","format":"standard","meta":{"footnotes":""},"categories":[11],"tags":[],"class_list":["post-12205","post","type-post","status-publish","format-standard","has-post-thumbnail","hentry","category-uncategorized-ca","entry","has-media"],"yoast_head":"<!-- This site is optimized with the Yoast SEO plugin v27.5 - https:\/\/yoast.com\/product\/yoast-seo-wordpress\/ -->\n<title>Reforma del Reglament d\u2019Estrangeria 2025 - SIGE<\/title>\n<meta name=\"description\" content=\"Descobreix com la reforma del Reglament d&#039;Estrangeria 2025 modernitza i simplifica els tr\u00e0mits per a persones estrangeres, afavorint la integraci\u00f3 i l&#039;economia espanyola.\" \/>\n<meta name=\"robots\" content=\"index, follow, max-snippet:-1, max-image-preview:large, max-video-preview:-1\" \/>\n<link rel=\"canonical\" href=\"https:\/\/sige-bs.com\/ca\/reforma-reglament-estrangeria-2025\/\" \/>\n<meta property=\"og:locale\" content=\"ca_ES\" \/>\n<meta property=\"og:type\" content=\"article\" \/>\n<meta property=\"og:title\" content=\"Reforma del Reglament d\u2019Estrangeria 2025 - SIGE\" \/>\n<meta property=\"og:description\" content=\"Descobreix com la reforma del Reglament d&#039;Estrangeria 2025 modernitza i simplifica els tr\u00e0mits per a persones estrangeres, afavorint la integraci\u00f3 i l&#039;economia espanyola.\" \/>\n<meta property=\"og:url\" content=\"https:\/\/sige-bs.com\/ca\/reforma-reglament-estrangeria-2025\/\" \/>\n<meta property=\"og:site_name\" content=\"SIGE\" \/>\n<meta property=\"article:published_time\" content=\"2025-01-21T15:35:03+00:00\" \/>\n<meta property=\"article:modified_time\" content=\"2025-01-21T15:35:05+00:00\" \/>\n<meta property=\"og:image\" content=\"https:\/\/sige-bs.com\/wp-content\/uploads\/2025\/01\/Reforma-del-reglamento-1-scaled.jpg\" \/>\n\t<meta property=\"og:image:width\" content=\"2560\" \/>\n\t<meta property=\"og:image:height\" content=\"1707\" \/>\n\t<meta property=\"og:image:type\" content=\"image\/jpeg\" \/>\n<meta name=\"author\" content=\"David\" \/>\n<meta name=\"twitter:card\" content=\"summary_large_image\" \/>\n<meta name=\"twitter:label1\" content=\"Escrit per\" \/>\n\t<meta name=\"twitter:data1\" content=\"David\" \/>\n\t<meta name=\"twitter:label2\" content=\"Temps estimat de lectura\" \/>\n\t<meta name=\"twitter:data2\" content=\"2 minuts\" \/>\n<script type=\"application\/ld+json\" class=\"yoast-schema-graph\">{\"@context\":\"https:\\\/\\\/schema.org\",\"@graph\":[{\"@type\":\"Article\",\"@id\":\"https:\\\/\\\/sige-bs.com\\\/ca\\\/reforma-reglament-estrangeria-2025\\\/#article\",\"isPartOf\":{\"@id\":\"https:\\\/\\\/sige-bs.com\\\/ca\\\/reforma-reglament-estrangeria-2025\\\/\"},\"author\":{\"name\":\"David\",\"@id\":\"https:\\\/\\\/sige-bs.com\\\/#\\\/schema\\\/person\\\/cf823dc31d7c60aee26a95193988488b\"},\"headline\":\"Reforma del Reglament d\u2019Estrangeria 2025\",\"datePublished\":\"2025-01-21T15:35:03+00:00\",\"dateModified\":\"2025-01-21T15:35:05+00:00\",\"mainEntityOfPage\":{\"@id\":\"https:\\\/\\\/sige-bs.com\\\/ca\\\/reforma-reglament-estrangeria-2025\\\/\"},\"wordCount\":302,\"commentCount\":0,\"publisher\":{\"@id\":\"https:\\\/\\\/sige-bs.com\\\/#organization\"},\"image\":{\"@id\":\"https:\\\/\\\/sige-bs.com\\\/ca\\\/reforma-reglament-estrangeria-2025\\\/#primaryimage\"},\"thumbnailUrl\":\"https:\\\/\\\/sige-bs.com\\\/wp-content\\\/uploads\\\/2025\\\/01\\\/Reforma-del-reglamento-1-scaled.jpg\",\"articleSection\":[\"Uncategorized @ca\"],\"inLanguage\":\"ca\",\"potentialAction\":[{\"@type\":\"CommentAction\",\"name\":\"Comment\",\"target\":[\"https:\\\/\\\/sige-bs.com\\\/ca\\\/reforma-reglament-estrangeria-2025\\\/#respond\"]}]},{\"@type\":\"WebPage\",\"@id\":\"https:\\\/\\\/sige-bs.com\\\/ca\\\/reforma-reglament-estrangeria-2025\\\/\",\"url\":\"https:\\\/\\\/sige-bs.com\\\/ca\\\/reforma-reglament-estrangeria-2025\\\/\",\"name\":\"Reforma del Reglament d\u2019Estrangeria 2025 - SIGE\",\"isPartOf\":{\"@id\":\"https:\\\/\\\/sige-bs.com\\\/#website\"},\"primaryImageOfPage\":{\"@id\":\"https:\\\/\\\/sige-bs.com\\\/ca\\\/reforma-reglament-estrangeria-2025\\\/#primaryimage\"},\"image\":{\"@id\":\"https:\\\/\\\/sige-bs.com\\\/ca\\\/reforma-reglament-estrangeria-2025\\\/#primaryimage\"},\"thumbnailUrl\":\"https:\\\/\\\/sige-bs.com\\\/wp-content\\\/uploads\\\/2025\\\/01\\\/Reforma-del-reglamento-1-scaled.jpg\",\"datePublished\":\"2025-01-21T15:35:03+00:00\",\"dateModified\":\"2025-01-21T15:35:05+00:00\",\"description\":\"Descobreix com la reforma del Reglament d'Estrangeria 2025 modernitza i simplifica els tr\u00e0mits per a persones estrangeres, afavorint la integraci\u00f3 i l'economia espanyola.\",\"breadcrumb\":{\"@id\":\"https:\\\/\\\/sige-bs.com\\\/ca\\\/reforma-reglament-estrangeria-2025\\\/#breadcrumb\"},\"inLanguage\":\"ca\",\"potentialAction\":[{\"@type\":\"ReadAction\",\"target\":[\"https:\\\/\\\/sige-bs.com\\\/ca\\\/reforma-reglament-estrangeria-2025\\\/\"]}]},{\"@type\":\"ImageObject\",\"inLanguage\":\"ca\",\"@id\":\"https:\\\/\\\/sige-bs.com\\\/ca\\\/reforma-reglament-estrangeria-2025\\\/#primaryimage\",\"url\":\"https:\\\/\\\/sige-bs.com\\\/wp-content\\\/uploads\\\/2025\\\/01\\\/Reforma-del-reglamento-1-scaled.jpg\",\"contentUrl\":\"https:\\\/\\\/sige-bs.com\\\/wp-content\\\/uploads\\\/2025\\\/01\\\/Reforma-del-reglamento-1-scaled.jpg\",\"width\":2560,\"height\":1707},{\"@type\":\"BreadcrumbList\",\"@id\":\"https:\\\/\\\/sige-bs.com\\\/ca\\\/reforma-reglament-estrangeria-2025\\\/#breadcrumb\",\"itemListElement\":[{\"@type\":\"ListItem\",\"position\":1,\"name\":\"Portada\",\"item\":\"https:\\\/\\\/sige-bs.com\\\/fr\\\/\"},{\"@type\":\"ListItem\",\"position\":2,\"name\":\"Reforma del Reglament d\u2019Estrangeria 2025\"}]},{\"@type\":\"WebSite\",\"@id\":\"https:\\\/\\\/sige-bs.com\\\/#website\",\"url\":\"https:\\\/\\\/sige-bs.com\\\/\",\"name\":\"SIGE\",\"description\":\"\",\"publisher\":{\"@id\":\"https:\\\/\\\/sige-bs.com\\\/#organization\"},\"potentialAction\":[{\"@type\":\"SearchAction\",\"target\":{\"@type\":\"EntryPoint\",\"urlTemplate\":\"https:\\\/\\\/sige-bs.com\\\/?s={search_term_string}\"},\"query-input\":{\"@type\":\"PropertyValueSpecification\",\"valueRequired\":true,\"valueName\":\"search_term_string\"}}],\"inLanguage\":\"ca\"},{\"@type\":\"Organization\",\"@id\":\"https:\\\/\\\/sige-bs.com\\\/#organization\",\"name\":\"SIGE\",\"url\":\"https:\\\/\\\/sige-bs.com\\\/\",\"logo\":{\"@type\":\"ImageObject\",\"inLanguage\":\"ca\",\"@id\":\"https:\\\/\\\/sige-bs.com\\\/#\\\/schema\\\/logo\\\/image\\\/\",\"url\":\"https:\\\/\\\/sige-bs.com\\\/wp-content\\\/uploads\\\/2022\\\/11\\\/Captura_de_pantalla__365_-removebg-preview-e1667848132214.png\",\"contentUrl\":\"https:\\\/\\\/sige-bs.com\\\/wp-content\\\/uploads\\\/2022\\\/11\\\/Captura_de_pantalla__365_-removebg-preview-e1667848132214.png\",\"width\":100,\"height\":82,\"caption\":\"SIGE\"},\"image\":{\"@id\":\"https:\\\/\\\/sige-bs.com\\\/#\\\/schema\\\/logo\\\/image\\\/\"}},{\"@type\":\"Person\",\"@id\":\"https:\\\/\\\/sige-bs.com\\\/#\\\/schema\\\/person\\\/cf823dc31d7c60aee26a95193988488b\",\"name\":\"David\",\"image\":{\"@type\":\"ImageObject\",\"inLanguage\":\"ca\",\"@id\":\"https:\\\/\\\/secure.gravatar.com\\\/avatar\\\/9381e1910b0dad2f5b7826ca1f08127ab00e4778f9807f82857bf0fc72b60ae7?s=96&d=mm&r=g\",\"url\":\"https:\\\/\\\/secure.gravatar.com\\\/avatar\\\/9381e1910b0dad2f5b7826ca1f08127ab00e4778f9807f82857bf0fc72b60ae7?s=96&d=mm&r=g\",\"contentUrl\":\"https:\\\/\\\/secure.gravatar.com\\\/avatar\\\/9381e1910b0dad2f5b7826ca1f08127ab00e4778f9807f82857bf0fc72b60ae7?s=96&d=mm&r=g\",\"caption\":\"David\"},\"url\":\"https:\\\/\\\/sige-bs.com\\\/ca\\\/author\\\/david\\\/\"}]}<\/script>\n<!-- \/ Yoast SEO plugin. -->","yoast_head_json":{"title":"Reforma del Reglament d\u2019Estrangeria 2025 - SIGE","description":"Descobreix com la reforma del Reglament d'Estrangeria 2025 modernitza i simplifica els tr\u00e0mits per a persones estrangeres, afavorint la integraci\u00f3 i l'economia espanyola.","robots":{"index":"index","follow":"follow","max-snippet":"max-snippet:-1","max-image-preview":"max-image-preview:large","max-video-preview":"max-video-preview:-1"},"canonical":"https:\/\/sige-bs.com\/ca\/reforma-reglament-estrangeria-2025\/","og_locale":"ca_ES","og_type":"article","og_title":"Reforma del Reglament d\u2019Estrangeria 2025 - SIGE","og_description":"Descobreix com la reforma del Reglament d'Estrangeria 2025 modernitza i simplifica els tr\u00e0mits per a persones estrangeres, afavorint la integraci\u00f3 i l'economia espanyola.","og_url":"https:\/\/sige-bs.com\/ca\/reforma-reglament-estrangeria-2025\/","og_site_name":"SIGE","article_published_time":"2025-01-21T15:35:03+00:00","article_modified_time":"2025-01-21T15:35:05+00:00","og_image":[{"width":2560,"height":1707,"url":"https:\/\/sige-bs.com\/wp-content\/uploads\/2025\/01\/Reforma-del-reglamento-1-scaled.jpg","type":"image\/jpeg"}],"author":"David","twitter_card":"summary_large_image","twitter_misc":{"Escrit per":"David","Temps estimat de lectura":"2 minuts"},"schema":{"@context":"https:\/\/schema.org","@graph":[{"@type":"Article","@id":"https:\/\/sige-bs.com\/ca\/reforma-reglament-estrangeria-2025\/#article","isPartOf":{"@id":"https:\/\/sige-bs.com\/ca\/reforma-reglament-estrangeria-2025\/"},"author":{"name":"David","@id":"https:\/\/sige-bs.com\/#\/schema\/person\/cf823dc31d7c60aee26a95193988488b"},"headline":"Reforma del Reglament d\u2019Estrangeria 2025","datePublished":"2025-01-21T15:35:03+00:00","dateModified":"2025-01-21T15:35:05+00:00","mainEntityOfPage":{"@id":"https:\/\/sige-bs.com\/ca\/reforma-reglament-estrangeria-2025\/"},"wordCount":302,"commentCount":0,"publisher":{"@id":"https:\/\/sige-bs.com\/#organization"},"image":{"@id":"https:\/\/sige-bs.com\/ca\/reforma-reglament-estrangeria-2025\/#primaryimage"},"thumbnailUrl":"https:\/\/sige-bs.com\/wp-content\/uploads\/2025\/01\/Reforma-del-reglamento-1-scaled.jpg","articleSection":["Uncategorized @ca"],"inLanguage":"ca","potentialAction":[{"@type":"CommentAction","name":"Comment","target":["https:\/\/sige-bs.com\/ca\/reforma-reglament-estrangeria-2025\/#respond"]}]},{"@type":"WebPage","@id":"https:\/\/sige-bs.com\/ca\/reforma-reglament-estrangeria-2025\/","url":"https:\/\/sige-bs.com\/ca\/reforma-reglament-estrangeria-2025\/","name":"Reforma del Reglament d\u2019Estrangeria 2025 - SIGE","isPartOf":{"@id":"https:\/\/sige-bs.com\/#website"},"primaryImageOfPage":{"@id":"https:\/\/sige-bs.com\/ca\/reforma-reglament-estrangeria-2025\/#primaryimage"},"image":{"@id":"https:\/\/sige-bs.com\/ca\/reforma-reglament-estrangeria-2025\/#primaryimage"},"thumbnailUrl":"https:\/\/sige-bs.com\/wp-content\/uploads\/2025\/01\/Reforma-del-reglamento-1-scaled.jpg","datePublished":"2025-01-21T15:35:03+00:00","dateModified":"2025-01-21T15:35:05+00:00","description":"Descobreix com la reforma del Reglament d'Estrangeria 2025 modernitza i simplifica els tr\u00e0mits per a persones estrangeres, afavorint la integraci\u00f3 i l'economia espanyola.","breadcrumb":{"@id":"https:\/\/sige-bs.com\/ca\/reforma-reglament-estrangeria-2025\/#breadcrumb"},"inLanguage":"ca","potentialAction":[{"@type":"ReadAction","target":["https:\/\/sige-bs.com\/ca\/reforma-reglament-estrangeria-2025\/"]}]},{"@type":"ImageObject","inLanguage":"ca","@id":"https:\/\/sige-bs.com\/ca\/reforma-reglament-estrangeria-2025\/#primaryimage","url":"https:\/\/sige-bs.com\/wp-content\/uploads\/2025\/01\/Reforma-del-reglamento-1-scaled.jpg","contentUrl":"https:\/\/sige-bs.com\/wp-content\/uploads\/2025\/01\/Reforma-del-reglamento-1-scaled.jpg","width":2560,"height":1707},{"@type":"BreadcrumbList","@id":"https:\/\/sige-bs.com\/ca\/reforma-reglament-estrangeria-2025\/#breadcrumb","itemListElement":[{"@type":"ListItem","position":1,"name":"Portada","item":"https:\/\/sige-bs.com\/fr\/"},{"@type":"ListItem","position":2,"name":"Reforma del Reglament d\u2019Estrangeria 2025"}]},{"@type":"WebSite","@id":"https:\/\/sige-bs.com\/#website","url":"https:\/\/sige-bs.com\/","name":"SIGE","description":"","publisher":{"@id":"https:\/\/sige-bs.com\/#organization"},"potentialAction":[{"@type":"SearchAction","target":{"@type":"EntryPoint","urlTemplate":"https:\/\/sige-bs.com\/?s={search_term_string}"},"query-input":{"@type":"PropertyValueSpecification","valueRequired":true,"valueName":"search_term_string"}}],"inLanguage":"ca"},{"@type":"Organization","@id":"https:\/\/sige-bs.com\/#organization","name":"SIGE","url":"https:\/\/sige-bs.com\/","logo":{"@type":"ImageObject","inLanguage":"ca","@id":"https:\/\/sige-bs.com\/#\/schema\/logo\/image\/","url":"https:\/\/sige-bs.com\/wp-content\/uploads\/2022\/11\/Captura_de_pantalla__365_-removebg-preview-e1667848132214.png","contentUrl":"https:\/\/sige-bs.com\/wp-content\/uploads\/2022\/11\/Captura_de_pantalla__365_-removebg-preview-e1667848132214.png","width":100,"height":82,"caption":"SIGE"},"image":{"@id":"https:\/\/sige-bs.com\/#\/schema\/logo\/image\/"}},{"@type":"Person","@id":"https:\/\/sige-bs.com\/#\/schema\/person\/cf823dc31d7c60aee26a95193988488b","name":"David","image":{"@type":"ImageObject","inLanguage":"ca","@id":"https:\/\/secure.gravatar.com\/avatar\/9381e1910b0dad2f5b7826ca1f08127ab00e4778f9807f82857bf0fc72b60ae7?s=96&d=mm&r=g","url":"https:\/\/secure.gravatar.com\/avatar\/9381e1910b0dad2f5b7826ca1f08127ab00e4778f9807f82857bf0fc72b60ae7?s=96&d=mm&r=g","contentUrl":"https:\/\/secure.gravatar.com\/avatar\/9381e1910b0dad2f5b7826ca1f08127ab00e4778f9807f82857bf0fc72b60ae7?s=96&d=mm&r=g","caption":"David"},"url":"https:\/\/sige-bs.com\/ca\/author\/david\/"}]}},"_links":{"self":[{"href":"https:\/\/sige-bs.com\/ca\/wp-json\/wp\/v2\/posts\/12205","targetHints":{"allow":["GET"]}}],"collection":[{"href":"https:\/\/sige-bs.com\/ca\/wp-json\/wp\/v2\/posts"}],"about":[{"href":"https:\/\/sige-bs.com\/ca\/wp-json\/wp\/v2\/types\/post"}],"author":[{"embeddable":true,"href":"https:\/\/sige-bs.com\/ca\/wp-json\/wp\/v2\/users\/3"}],"replies":[{"embeddable":true,"href":"https:\/\/sige-bs.com\/ca\/wp-json\/wp\/v2\/comments?post=12205"}],"version-history":[{"count":1,"href":"https:\/\/sige-bs.com\/ca\/wp-json\/wp\/v2\/posts\/12205\/revisions"}],"predecessor-version":[{"id":12210,"href":"https:\/\/sige-bs.com\/ca\/wp-json\/wp\/v2\/posts\/12205\/revisions\/12210"}],"wp:featuredmedia":[{"embeddable":true,"href":"https:\/\/sige-bs.com\/ca\/wp-json\/wp\/v2\/media\/12206"}],"wp:attachment":[{"href":"https:\/\/sige-bs.com\/ca\/wp-json\/wp\/v2\/media?parent=12205"}],"wp:term":[{"taxonomy":"category","embeddable":true,"href":"https:\/\/sige-bs.com\/ca\/wp-json\/wp\/v2\/categories?post=12205"},{"taxonomy":"post_tag","embeddable":true,"href":"https:\/\/sige-bs.com\/ca\/wp-json\/wp\/v2\/tags?post=12205"}],"curies":[{"name":"wp","href":"https:\/\/api.w.org\/{rel}","templated":true}]}}