{"id":12223,"date":"2025-02-12T14:15:17","date_gmt":"2025-02-12T14:15:17","guid":{"rendered":"https:\/\/sige-bs.com\/?p=12223"},"modified":"2025-02-12T14:15:19","modified_gmt":"2025-02-12T14:15:19","slug":"retorn-iva-aliments-espanya-2025","status":"publish","type":"post","link":"https:\/\/sige-bs.com\/ca\/retorn-iva-aliments-espanya-2025\/","title":{"rendered":"Fi de les rebaixes fiscals en l\u2019IVA dels productes alimentaris."},"content":{"rendered":"\n<p>A partir del 2025, el panorama fiscal dels productes alimentaris a Espanya experimentar\u00e0 canvis significatius amb l\u2019eliminaci\u00f3 de les rebaixes fiscals de l\u2019IVA, implementades com a mesura temporal el 2023 per fer front a la inflaci\u00f3. Aquest ajust retorna a certs productes b\u00e0sics els tipus impositius originals i marca un nou cap\u00edtol en la pol\u00edtica fiscal espanyola.<\/p>\n\n\n\n<p>A <strong>SIGE<\/strong> t\u2019expliquem la import\u00e0ncia d\u2019aquest tema el 2025:<\/p>\n\n\n\n<h3 class=\"wp-block-heading\">Retorn de l\u2019IVA redu\u00eft del 4% per als aliments de primera necessitat<\/h3>\n\n\n\n<p>Durant els darrers dos anys, aliments essencials com el pa, la llet, els ous i les fruites van estar exempts del pagament de l\u2019IVA gr\u00e0cies a les mesures d\u2019emerg\u00e8ncia adoptades per alleujar l\u2019impacte de l\u2019augment dels preus en les llars. No obstant aix\u00f2, amb la reducci\u00f3 de les tensions inflacion\u00e0ries, el govern ha decidit reinstaurar el tipus redu\u00eft del 4% en aquests productes b\u00e0sics.<\/p>\n\n\n\n<p>Tot i que aix\u00f2 suposar\u00e0 un augment en el preu final per als consumidors, la mesura busca tornar a la normalitat fiscal despr\u00e9s d\u2019una situaci\u00f3 excepcional. Aquest canvi obligar\u00e0 fam\u00edlies i negocis, especialment del sector alimentari, a reajustar els seus pressupostos.<\/p>\n\n\n\n<h3 class=\"wp-block-heading\">Productes com les pastes i les llavors tornen al 10%<\/h3>\n\n\n\n<p>Un altre dels grans canvis afecta aliments que tamb\u00e9 es van beneficiar de rebaixes temporals, com les pastes, les farines i les llavors, que tornen al 10% d\u2019IVA. Aix\u00f2 implica un increment notable en comparaci\u00f3 amb els preus redu\u00efts durant el 2023 i 2024, fet que podria repercutir en les decisions de compra dels consumidors i en la planificaci\u00f3 de costos per a les empreses del sector.<\/p>\n\n\n\n<p>Tanmateix, cal destacar que l\u2019oli d\u2019oliva es mant\u00e9 amb el tipus redu\u00eft a causa de l\u2019escalada constant de preus que ha afectat aquest producte en els darrers anys. Aquest enfocament diferencial reflecteix un reconeixement de l\u2019impacte que les pujades de preus han tingut en un dels productes m\u00e9s emblem\u00e0tics de la dieta mediterr\u00e0nia.<\/p>\n\n\n\n<h3 class=\"wp-block-heading\">Impacte en consumidors i negocis<\/h3>\n\n\n\n<p>La desaparici\u00f3 d\u2019aquestes rebaixes fiscals suposar\u00e0 un repte per a les llars amb menor capacitat adquisitiva, que hauran de tornar a afrontar preus m\u00e9s alts en productes essencials. D\u2019altra banda, les empreses del sector alimentari, especialment supermercats i distribu\u00efdors, hauran d\u2019ajustar les seves estrat\u00e8gies per adaptar-se als canvis en el comportament dels consumidors.<\/p>\n\n\n\n<p>Si tens algun dubte, no dubtis a posar-te en contacte amb nosaltres a trav\u00e9s de <strong><a href=\"https:\/\/sige-bs.com\/\">https:\/\/sige-bs.com\/<\/a><\/strong>.<\/p>\n","protected":false},"excerpt":{"rendered":"<p>A partir del 2025, el panorama fiscal dels productes alimentaris a Espanya experimentar\u00e0 canvis significatius amb l\u2019eliminaci\u00f3 de les rebaixes fiscals de l\u2019IVA, implementades com a mesura temporal el 2023 per fer front a la inflaci\u00f3. Aquest ajust retorna a certs productes b\u00e0sics els tipus impositius originals i marca un nou cap\u00edtol en la pol\u00edtica [&hellip;]<\/p>\n","protected":false},"author":3,"featured_media":12218,"comment_status":"open","ping_status":"open","sticky":false,"template":"","format":"standard","meta":{"footnotes":""},"categories":[11],"tags":[],"class_list":["post-12223","post","type-post","status-publish","format-standard","has-post-thumbnail","hentry","category-uncategorized-ca","entry","has-media"],"yoast_head":"<!-- This site is optimized with the Yoast SEO plugin v27.5 - https:\/\/yoast.com\/product\/yoast-seo-wordpress\/ -->\n<title>Fi de les rebaixes fiscals en l\u2019IVA dels productes alimentaris. - SIGE<\/title>\n<meta name=\"description\" content=\"A partir del 2025, Espanya elimina les rebaixes fiscals de l\u2019IVA en aliments essencials, tornant als tipus originals. Descobreix com afecta consumidors i negocis.\" \/>\n<meta name=\"robots\" content=\"index, follow, max-snippet:-1, max-image-preview:large, max-video-preview:-1\" \/>\n<link rel=\"canonical\" href=\"https:\/\/sige-bs.com\/ca\/retorn-iva-aliments-espanya-2025\/\" \/>\n<meta property=\"og:locale\" content=\"ca_ES\" \/>\n<meta property=\"og:type\" content=\"article\" \/>\n<meta property=\"og:title\" content=\"Fi de les rebaixes fiscals en l\u2019IVA dels productes alimentaris. - SIGE\" \/>\n<meta property=\"og:description\" content=\"A partir del 2025, Espanya elimina les rebaixes fiscals de l\u2019IVA en aliments essencials, tornant als tipus originals. Descobreix com afecta consumidors i negocis.\" \/>\n<meta property=\"og:url\" content=\"https:\/\/sige-bs.com\/ca\/retorn-iva-aliments-espanya-2025\/\" \/>\n<meta property=\"og:site_name\" content=\"SIGE\" \/>\n<meta property=\"article:published_time\" content=\"2025-02-12T14:15:17+00:00\" \/>\n<meta property=\"article:modified_time\" content=\"2025-02-12T14:15:19+00:00\" \/>\n<meta property=\"og:image\" content=\"https:\/\/sige-bs.com\/wp-content\/uploads\/2025\/02\/Foto-Fin-de-las-rebajas-scaled.jpg\" \/>\n\t<meta property=\"og:image:width\" content=\"2560\" \/>\n\t<meta property=\"og:image:height\" content=\"1700\" \/>\n\t<meta property=\"og:image:type\" content=\"image\/jpeg\" \/>\n<meta name=\"author\" content=\"David\" \/>\n<meta name=\"twitter:card\" content=\"summary_large_image\" \/>\n<meta name=\"twitter:label1\" content=\"Escrit per\" \/>\n\t<meta name=\"twitter:data1\" content=\"David\" \/>\n\t<meta name=\"twitter:label2\" content=\"Temps estimat de lectura\" \/>\n\t<meta name=\"twitter:data2\" content=\"2 minuts\" \/>\n<script type=\"application\/ld+json\" class=\"yoast-schema-graph\">{\"@context\":\"https:\\\/\\\/schema.org\",\"@graph\":[{\"@type\":\"Article\",\"@id\":\"https:\\\/\\\/sige-bs.com\\\/ca\\\/retorn-iva-aliments-espanya-2025\\\/#article\",\"isPartOf\":{\"@id\":\"https:\\\/\\\/sige-bs.com\\\/ca\\\/retorn-iva-aliments-espanya-2025\\\/\"},\"author\":{\"name\":\"David\",\"@id\":\"https:\\\/\\\/sige-bs.com\\\/#\\\/schema\\\/person\\\/cf823dc31d7c60aee26a95193988488b\"},\"headline\":\"Fi de les rebaixes fiscals en l\u2019IVA dels productes alimentaris.\",\"datePublished\":\"2025-02-12T14:15:17+00:00\",\"dateModified\":\"2025-02-12T14:15:19+00:00\",\"mainEntityOfPage\":{\"@id\":\"https:\\\/\\\/sige-bs.com\\\/ca\\\/retorn-iva-aliments-espanya-2025\\\/\"},\"wordCount\":430,\"commentCount\":0,\"publisher\":{\"@id\":\"https:\\\/\\\/sige-bs.com\\\/#organization\"},\"image\":{\"@id\":\"https:\\\/\\\/sige-bs.com\\\/ca\\\/retorn-iva-aliments-espanya-2025\\\/#primaryimage\"},\"thumbnailUrl\":\"https:\\\/\\\/sige-bs.com\\\/wp-content\\\/uploads\\\/2025\\\/02\\\/Foto-Fin-de-las-rebajas-scaled.jpg\",\"articleSection\":[\"Uncategorized @ca\"],\"inLanguage\":\"ca\",\"potentialAction\":[{\"@type\":\"CommentAction\",\"name\":\"Comment\",\"target\":[\"https:\\\/\\\/sige-bs.com\\\/ca\\\/retorn-iva-aliments-espanya-2025\\\/#respond\"]}]},{\"@type\":\"WebPage\",\"@id\":\"https:\\\/\\\/sige-bs.com\\\/ca\\\/retorn-iva-aliments-espanya-2025\\\/\",\"url\":\"https:\\\/\\\/sige-bs.com\\\/ca\\\/retorn-iva-aliments-espanya-2025\\\/\",\"name\":\"Fi de les rebaixes fiscals en l\u2019IVA dels productes alimentaris. - SIGE\",\"isPartOf\":{\"@id\":\"https:\\\/\\\/sige-bs.com\\\/#website\"},\"primaryImageOfPage\":{\"@id\":\"https:\\\/\\\/sige-bs.com\\\/ca\\\/retorn-iva-aliments-espanya-2025\\\/#primaryimage\"},\"image\":{\"@id\":\"https:\\\/\\\/sige-bs.com\\\/ca\\\/retorn-iva-aliments-espanya-2025\\\/#primaryimage\"},\"thumbnailUrl\":\"https:\\\/\\\/sige-bs.com\\\/wp-content\\\/uploads\\\/2025\\\/02\\\/Foto-Fin-de-las-rebajas-scaled.jpg\",\"datePublished\":\"2025-02-12T14:15:17+00:00\",\"dateModified\":\"2025-02-12T14:15:19+00:00\",\"description\":\"A partir del 2025, Espanya elimina les rebaixes fiscals de l\u2019IVA en aliments essencials, tornant als tipus originals. Descobreix com afecta consumidors i negocis.\",\"breadcrumb\":{\"@id\":\"https:\\\/\\\/sige-bs.com\\\/ca\\\/retorn-iva-aliments-espanya-2025\\\/#breadcrumb\"},\"inLanguage\":\"ca\",\"potentialAction\":[{\"@type\":\"ReadAction\",\"target\":[\"https:\\\/\\\/sige-bs.com\\\/ca\\\/retorn-iva-aliments-espanya-2025\\\/\"]}]},{\"@type\":\"ImageObject\",\"inLanguage\":\"ca\",\"@id\":\"https:\\\/\\\/sige-bs.com\\\/ca\\\/retorn-iva-aliments-espanya-2025\\\/#primaryimage\",\"url\":\"https:\\\/\\\/sige-bs.com\\\/wp-content\\\/uploads\\\/2025\\\/02\\\/Foto-Fin-de-las-rebajas-scaled.jpg\",\"contentUrl\":\"https:\\\/\\\/sige-bs.com\\\/wp-content\\\/uploads\\\/2025\\\/02\\\/Foto-Fin-de-las-rebajas-scaled.jpg\",\"width\":2560,\"height\":1700},{\"@type\":\"BreadcrumbList\",\"@id\":\"https:\\\/\\\/sige-bs.com\\\/ca\\\/retorn-iva-aliments-espanya-2025\\\/#breadcrumb\",\"itemListElement\":[{\"@type\":\"ListItem\",\"position\":1,\"name\":\"Portada\",\"item\":\"https:\\\/\\\/sige-bs.com\\\/fr\\\/\"},{\"@type\":\"ListItem\",\"position\":2,\"name\":\"Fi de les rebaixes fiscals en l\u2019IVA dels productes alimentaris.\"}]},{\"@type\":\"WebSite\",\"@id\":\"https:\\\/\\\/sige-bs.com\\\/#website\",\"url\":\"https:\\\/\\\/sige-bs.com\\\/\",\"name\":\"SIGE\",\"description\":\"\",\"publisher\":{\"@id\":\"https:\\\/\\\/sige-bs.com\\\/#organization\"},\"potentialAction\":[{\"@type\":\"SearchAction\",\"target\":{\"@type\":\"EntryPoint\",\"urlTemplate\":\"https:\\\/\\\/sige-bs.com\\\/?s={search_term_string}\"},\"query-input\":{\"@type\":\"PropertyValueSpecification\",\"valueRequired\":true,\"valueName\":\"search_term_string\"}}],\"inLanguage\":\"ca\"},{\"@type\":\"Organization\",\"@id\":\"https:\\\/\\\/sige-bs.com\\\/#organization\",\"name\":\"SIGE\",\"url\":\"https:\\\/\\\/sige-bs.com\\\/\",\"logo\":{\"@type\":\"ImageObject\",\"inLanguage\":\"ca\",\"@id\":\"https:\\\/\\\/sige-bs.com\\\/#\\\/schema\\\/logo\\\/image\\\/\",\"url\":\"https:\\\/\\\/sige-bs.com\\\/wp-content\\\/uploads\\\/2022\\\/11\\\/Captura_de_pantalla__365_-removebg-preview-e1667848132214.png\",\"contentUrl\":\"https:\\\/\\\/sige-bs.com\\\/wp-content\\\/uploads\\\/2022\\\/11\\\/Captura_de_pantalla__365_-removebg-preview-e1667848132214.png\",\"width\":100,\"height\":82,\"caption\":\"SIGE\"},\"image\":{\"@id\":\"https:\\\/\\\/sige-bs.com\\\/#\\\/schema\\\/logo\\\/image\\\/\"}},{\"@type\":\"Person\",\"@id\":\"https:\\\/\\\/sige-bs.com\\\/#\\\/schema\\\/person\\\/cf823dc31d7c60aee26a95193988488b\",\"name\":\"David\",\"image\":{\"@type\":\"ImageObject\",\"inLanguage\":\"ca\",\"@id\":\"https:\\\/\\\/secure.gravatar.com\\\/avatar\\\/9381e1910b0dad2f5b7826ca1f08127ab00e4778f9807f82857bf0fc72b60ae7?s=96&d=mm&r=g\",\"url\":\"https:\\\/\\\/secure.gravatar.com\\\/avatar\\\/9381e1910b0dad2f5b7826ca1f08127ab00e4778f9807f82857bf0fc72b60ae7?s=96&d=mm&r=g\",\"contentUrl\":\"https:\\\/\\\/secure.gravatar.com\\\/avatar\\\/9381e1910b0dad2f5b7826ca1f08127ab00e4778f9807f82857bf0fc72b60ae7?s=96&d=mm&r=g\",\"caption\":\"David\"},\"url\":\"https:\\\/\\\/sige-bs.com\\\/ca\\\/author\\\/david\\\/\"}]}<\/script>\n<!-- \/ Yoast SEO plugin. -->","yoast_head_json":{"title":"Fi de les rebaixes fiscals en l\u2019IVA dels productes alimentaris. - SIGE","description":"A partir del 2025, Espanya elimina les rebaixes fiscals de l\u2019IVA en aliments essencials, tornant als tipus originals. Descobreix com afecta consumidors i negocis.","robots":{"index":"index","follow":"follow","max-snippet":"max-snippet:-1","max-image-preview":"max-image-preview:large","max-video-preview":"max-video-preview:-1"},"canonical":"https:\/\/sige-bs.com\/ca\/retorn-iva-aliments-espanya-2025\/","og_locale":"ca_ES","og_type":"article","og_title":"Fi de les rebaixes fiscals en l\u2019IVA dels productes alimentaris. - SIGE","og_description":"A partir del 2025, Espanya elimina les rebaixes fiscals de l\u2019IVA en aliments essencials, tornant als tipus originals. Descobreix com afecta consumidors i negocis.","og_url":"https:\/\/sige-bs.com\/ca\/retorn-iva-aliments-espanya-2025\/","og_site_name":"SIGE","article_published_time":"2025-02-12T14:15:17+00:00","article_modified_time":"2025-02-12T14:15:19+00:00","og_image":[{"width":2560,"height":1700,"url":"https:\/\/sige-bs.com\/wp-content\/uploads\/2025\/02\/Foto-Fin-de-las-rebajas-scaled.jpg","type":"image\/jpeg"}],"author":"David","twitter_card":"summary_large_image","twitter_misc":{"Escrit per":"David","Temps estimat de lectura":"2 minuts"},"schema":{"@context":"https:\/\/schema.org","@graph":[{"@type":"Article","@id":"https:\/\/sige-bs.com\/ca\/retorn-iva-aliments-espanya-2025\/#article","isPartOf":{"@id":"https:\/\/sige-bs.com\/ca\/retorn-iva-aliments-espanya-2025\/"},"author":{"name":"David","@id":"https:\/\/sige-bs.com\/#\/schema\/person\/cf823dc31d7c60aee26a95193988488b"},"headline":"Fi de les rebaixes fiscals en l\u2019IVA dels productes alimentaris.","datePublished":"2025-02-12T14:15:17+00:00","dateModified":"2025-02-12T14:15:19+00:00","mainEntityOfPage":{"@id":"https:\/\/sige-bs.com\/ca\/retorn-iva-aliments-espanya-2025\/"},"wordCount":430,"commentCount":0,"publisher":{"@id":"https:\/\/sige-bs.com\/#organization"},"image":{"@id":"https:\/\/sige-bs.com\/ca\/retorn-iva-aliments-espanya-2025\/#primaryimage"},"thumbnailUrl":"https:\/\/sige-bs.com\/wp-content\/uploads\/2025\/02\/Foto-Fin-de-las-rebajas-scaled.jpg","articleSection":["Uncategorized @ca"],"inLanguage":"ca","potentialAction":[{"@type":"CommentAction","name":"Comment","target":["https:\/\/sige-bs.com\/ca\/retorn-iva-aliments-espanya-2025\/#respond"]}]},{"@type":"WebPage","@id":"https:\/\/sige-bs.com\/ca\/retorn-iva-aliments-espanya-2025\/","url":"https:\/\/sige-bs.com\/ca\/retorn-iva-aliments-espanya-2025\/","name":"Fi de les rebaixes fiscals en l\u2019IVA dels productes alimentaris. - SIGE","isPartOf":{"@id":"https:\/\/sige-bs.com\/#website"},"primaryImageOfPage":{"@id":"https:\/\/sige-bs.com\/ca\/retorn-iva-aliments-espanya-2025\/#primaryimage"},"image":{"@id":"https:\/\/sige-bs.com\/ca\/retorn-iva-aliments-espanya-2025\/#primaryimage"},"thumbnailUrl":"https:\/\/sige-bs.com\/wp-content\/uploads\/2025\/02\/Foto-Fin-de-las-rebajas-scaled.jpg","datePublished":"2025-02-12T14:15:17+00:00","dateModified":"2025-02-12T14:15:19+00:00","description":"A partir del 2025, Espanya elimina les rebaixes fiscals de l\u2019IVA en aliments essencials, tornant als tipus originals. Descobreix com afecta consumidors i negocis.","breadcrumb":{"@id":"https:\/\/sige-bs.com\/ca\/retorn-iva-aliments-espanya-2025\/#breadcrumb"},"inLanguage":"ca","potentialAction":[{"@type":"ReadAction","target":["https:\/\/sige-bs.com\/ca\/retorn-iva-aliments-espanya-2025\/"]}]},{"@type":"ImageObject","inLanguage":"ca","@id":"https:\/\/sige-bs.com\/ca\/retorn-iva-aliments-espanya-2025\/#primaryimage","url":"https:\/\/sige-bs.com\/wp-content\/uploads\/2025\/02\/Foto-Fin-de-las-rebajas-scaled.jpg","contentUrl":"https:\/\/sige-bs.com\/wp-content\/uploads\/2025\/02\/Foto-Fin-de-las-rebajas-scaled.jpg","width":2560,"height":1700},{"@type":"BreadcrumbList","@id":"https:\/\/sige-bs.com\/ca\/retorn-iva-aliments-espanya-2025\/#breadcrumb","itemListElement":[{"@type":"ListItem","position":1,"name":"Portada","item":"https:\/\/sige-bs.com\/fr\/"},{"@type":"ListItem","position":2,"name":"Fi de les rebaixes fiscals en l\u2019IVA dels productes alimentaris."}]},{"@type":"WebSite","@id":"https:\/\/sige-bs.com\/#website","url":"https:\/\/sige-bs.com\/","name":"SIGE","description":"","publisher":{"@id":"https:\/\/sige-bs.com\/#organization"},"potentialAction":[{"@type":"SearchAction","target":{"@type":"EntryPoint","urlTemplate":"https:\/\/sige-bs.com\/?s={search_term_string}"},"query-input":{"@type":"PropertyValueSpecification","valueRequired":true,"valueName":"search_term_string"}}],"inLanguage":"ca"},{"@type":"Organization","@id":"https:\/\/sige-bs.com\/#organization","name":"SIGE","url":"https:\/\/sige-bs.com\/","logo":{"@type":"ImageObject","inLanguage":"ca","@id":"https:\/\/sige-bs.com\/#\/schema\/logo\/image\/","url":"https:\/\/sige-bs.com\/wp-content\/uploads\/2022\/11\/Captura_de_pantalla__365_-removebg-preview-e1667848132214.png","contentUrl":"https:\/\/sige-bs.com\/wp-content\/uploads\/2022\/11\/Captura_de_pantalla__365_-removebg-preview-e1667848132214.png","width":100,"height":82,"caption":"SIGE"},"image":{"@id":"https:\/\/sige-bs.com\/#\/schema\/logo\/image\/"}},{"@type":"Person","@id":"https:\/\/sige-bs.com\/#\/schema\/person\/cf823dc31d7c60aee26a95193988488b","name":"David","image":{"@type":"ImageObject","inLanguage":"ca","@id":"https:\/\/secure.gravatar.com\/avatar\/9381e1910b0dad2f5b7826ca1f08127ab00e4778f9807f82857bf0fc72b60ae7?s=96&d=mm&r=g","url":"https:\/\/secure.gravatar.com\/avatar\/9381e1910b0dad2f5b7826ca1f08127ab00e4778f9807f82857bf0fc72b60ae7?s=96&d=mm&r=g","contentUrl":"https:\/\/secure.gravatar.com\/avatar\/9381e1910b0dad2f5b7826ca1f08127ab00e4778f9807f82857bf0fc72b60ae7?s=96&d=mm&r=g","caption":"David"},"url":"https:\/\/sige-bs.com\/ca\/author\/david\/"}]}},"_links":{"self":[{"href":"https:\/\/sige-bs.com\/ca\/wp-json\/wp\/v2\/posts\/12223","targetHints":{"allow":["GET"]}}],"collection":[{"href":"https:\/\/sige-bs.com\/ca\/wp-json\/wp\/v2\/posts"}],"about":[{"href":"https:\/\/sige-bs.com\/ca\/wp-json\/wp\/v2\/types\/post"}],"author":[{"embeddable":true,"href":"https:\/\/sige-bs.com\/ca\/wp-json\/wp\/v2\/users\/3"}],"replies":[{"embeddable":true,"href":"https:\/\/sige-bs.com\/ca\/wp-json\/wp\/v2\/comments?post=12223"}],"version-history":[{"count":1,"href":"https:\/\/sige-bs.com\/ca\/wp-json\/wp\/v2\/posts\/12223\/revisions"}],"predecessor-version":[{"id":12224,"href":"https:\/\/sige-bs.com\/ca\/wp-json\/wp\/v2\/posts\/12223\/revisions\/12224"}],"wp:featuredmedia":[{"embeddable":true,"href":"https:\/\/sige-bs.com\/ca\/wp-json\/wp\/v2\/media\/12218"}],"wp:attachment":[{"href":"https:\/\/sige-bs.com\/ca\/wp-json\/wp\/v2\/media?parent=12223"}],"wp:term":[{"taxonomy":"category","embeddable":true,"href":"https:\/\/sige-bs.com\/ca\/wp-json\/wp\/v2\/categories?post=12223"},{"taxonomy":"post_tag","embeddable":true,"href":"https:\/\/sige-bs.com\/ca\/wp-json\/wp\/v2\/tags?post=12223"}],"curies":[{"name":"wp","href":"https:\/\/api.w.org\/{rel}","templated":true}]}}