{"id":12236,"date":"2025-02-24T14:20:00","date_gmt":"2025-02-24T14:20:00","guid":{"rendered":"https:\/\/sige-bs.com\/?p=12236"},"modified":"2025-02-24T14:20:01","modified_gmt":"2025-02-24T14:20:01","slug":"mobilitat-electrica-avantatges-empreses","status":"publish","type":"post","link":"https:\/\/sige-bs.com\/ca\/mobilitat-electrica-avantatges-empreses\/","title":{"rendered":"Beneficis Fiscals dels Vehicles El\u00e8ctrics per a Empreses el 2025"},"content":{"rendered":"\n<p>A SIGE t&#8217;expliquem com la <strong>mobilitat sostenible<\/strong> pot generar avantatges econ\u00f2miques per al teu negoci. El 2025, les empreses que incorporin <strong>vehicles el\u00e8ctrics (VE)<\/strong> a les seves flotes podran beneficiar-se de diverses avantatges fiscals i operatives que promouen la sostenibilitat i l&#8217;efici\u00e8ncia econ\u00f2mica. A m\u00e9s, <strong>Catalunya ha anunciat un ambici\u00f3s pla<\/strong> per consolidar-se com a l\u00edder en mobilitat el\u00e8ctrica, amb una inversi\u00f3 p\u00fablica i privada de <strong>1.400 milions d&#8217;euros<\/strong> fins al 2030. Descobreix les claus per optimitzar l&#8217;estalvi i millorar la competitivitat de la teva empresa.<\/p>\n\n\n\n<h3 class=\"wp-block-heading\"><strong>Deduccions en l&#8217;Impost sobre Societats<\/strong><\/h3>\n\n\n\n<p>Les empreses que adquireixin vehicles el\u00e8ctrics el 2025 podran beneficiar-se d&#8217;una <strong>deducci\u00f3 del 15%<\/strong> sobre el preu de compra, amb un l\u00edmit de <strong>20.000 euros<\/strong> per vehicle. A m\u00e9s, la instal\u00b7laci\u00f3 de <strong>punts de rec\u00e0rrega<\/strong> en instal\u00b7lacions empresarials tamb\u00e9 comptar\u00e0 amb una deducci\u00f3 fiscal del <strong>15%<\/strong>, amb un topall de <strong>4.000 euros<\/strong>.<\/p>\n\n\n\n<p>En el marc del nou pla de la Generalitat, es contempla una l\u00ednia de <strong>pr\u00e9stecs bonificats de 240 milions d&#8217;euros<\/strong> per a la renovaci\u00f3 de flotes empresarials, facilitant la transici\u00f3 cap a la mobilitat sostenible.<\/p>\n\n\n\n<h3 class=\"wp-block-heading\"><strong>Reducci\u00f3 de costos operatius<\/strong><\/h3>\n\n\n\n<p>A m\u00e9s dels beneficis fiscals, els VE ofereixen avantatges econ\u00f2miques notables per a les empreses:<\/p>\n\n\n\n<ul class=\"wp-block-list\">\n<li><strong>Manteniment m\u00e9s econ\u00f2mic<\/strong>: Fins a un <strong>40% m\u00e9s barat<\/strong> que el d\u2019un vehicle de combusti\u00f3 interna, gr\u00e0cies a la menor quantitat de components mec\u00e0nics.<\/li>\n\n\n\n<li><strong>Menor consum energ\u00e8tic<\/strong>: Carregar un VE costa entre <strong>1 i 3 euros per cada 100 quil\u00f2metres<\/strong>, en comparaci\u00f3 amb els <strong>7-12 euros<\/strong> de la gasolina o el di\u00e8sel.<\/li>\n<\/ul>\n\n\n\n<p>El pla de mobilitat de Catalunya tamb\u00e9 busca estimular la demanda mitjan\u00e7ant <strong>avantatges fiscals i complements<\/strong> als incentius estatals, amb l&#8217;objectiu de fer els VE m\u00e9s assequibles.<\/p>\n\n\n\n<h3 class=\"wp-block-heading\"><strong>Expansi\u00f3 de la infraestructura de rec\u00e0rrega<\/strong><\/h3>\n\n\n\n<p>Un dels majors desafiaments per a l\u2019adopci\u00f3 massiva de VE \u00e9s la disponibilitat de <strong>punts de c\u00e0rrega<\/strong>. Per aix\u00f2, <strong>Catalunya invertir\u00e0 150 milions d&#8217;euros<\/strong> en la creaci\u00f3 d\u2019una xarxa de c\u00e0rrega p\u00fablica i privada, que inclour\u00e0:<\/p>\n\n\n\n<ul class=\"wp-block-list\">\n<li><strong>5.000 punts de c\u00e0rrega lenta<\/strong> per a la flota governamental.<\/li>\n\n\n\n<li><strong>4.000 punts semir\u00e0pids en hospitals, universitats i altres edificis p\u00fablics<\/strong>, accessibles per a ciutadans i treballadors.<\/li>\n\n\n\n<li><strong>Estacions de c\u00e0rrega r\u00e0pida a la xarxa vi\u00e0ria<\/strong> per facilitar despla\u00e7aments de llarga dist\u00e0ncia.<\/li>\n\n\n\n<li><strong>Carregadors ultrar\u00e0pids per a autobusos el\u00e8ctrics<\/strong>, facilitant la transici\u00f3 del transport p\u00fablic.<\/li>\n<\/ul>\n\n\n\n<p>Aquesta infraestructura garantir\u00e0 que els usuaris puguin rec\u00f3rrer el territori sense preocupar-se per l&#8217;autonomia, promovent l\u2019adopci\u00f3 del VE en empreses i ciutadans.<\/p>\n\n\n\n<h3 class=\"wp-block-heading\"><strong>Acc\u00e9s a Zones de Baixes Emissions (ZBE)<\/strong><\/h3>\n\n\n\n<p>Des del 2023, les <strong>Zones de Baixes Emissions<\/strong> s\u00f3n obligat\u00f2ries en municipis de m\u00e9s de <strong>50.000 habitants<\/strong>. Els VE, en no emetre gasos contaminants, gaudeixen d&#8217;acc\u00e9s il\u00b7limitat a aquestes zones i d&#8217;avantatges com <strong>aparcament gratu\u00eft<\/strong> i <strong>bonificacions fiscals locals<\/strong>.<\/p>\n\n\n\n<h3 class=\"wp-block-heading\"><strong>Inversi\u00f3 i futur de la mobilitat el\u00e8ctrica<\/strong><\/h3>\n\n\n\n<p>Catalunya aspira a liderar la <strong>mobilitat sostenible<\/strong> a Europa, mobilitzant inversions p\u00fabliques i privades de <strong>1.400 milions d&#8217;euros<\/strong> fins al 2030. D&#8217;aquesta quantitat:<\/p>\n\n\n\n<ul class=\"wp-block-list\">\n<li><strong>880 milions<\/strong> es destinaran a impulsar la demanda mitjan\u00e7ant <strong>ajudes i pr\u00e9stecs bonificats<\/strong>.<\/li>\n\n\n\n<li><strong>380 milions<\/strong> s&#8217;assignaran al desplegament de <strong>infraestructura de c\u00e0rrega<\/strong>.<\/li>\n\n\n\n<li><strong>135 milions<\/strong> s&#8217;invertiran en <strong>innovaci\u00f3 i transici\u00f3 de la ind\u00fastria de l&#8217;automoci\u00f3<\/strong>.<\/li>\n<\/ul>\n\n\n\n<p>El pla tamb\u00e9 inclou campanyes per millorar la percepci\u00f3 del VE i la <strong>eliminaci\u00f3 de barreres reguladores<\/strong> per a la instal\u00b7laci\u00f3 de punts de c\u00e0rrega.<\/p>\n\n\n\n<p>Invertir en <strong>vehicles el\u00e8ctrics<\/strong> no nom\u00e9s refor\u00e7a el comprom\u00eds mediambiental de les empreses, sin\u00f3 que tamb\u00e9 ofereix <strong>beneficis fiscals i operatius<\/strong> significatius. Mantenir-se informat sobre les <strong>ajudes i deduccions disponibles<\/strong> \u00e9s essencial per maximitzar aquests avantatges.<\/p>\n\n\n\n<p>Si necessites assessorament per optimitzar la gesti\u00f3 fiscal de la teva empresa, contacta amb nosaltres a<a href=\"https:\/\/sige-bs.com\/\"> https:\/\/sige-bs.com\/<\/a>.<\/p>\n","protected":false},"excerpt":{"rendered":"<p>A SIGE t&#8217;expliquem com la mobilitat sostenible pot generar avantatges econ\u00f2miques per al teu negoci. El 2025, les empreses que incorporin vehicles el\u00e8ctrics (VE) a les seves flotes podran beneficiar-se de diverses avantatges fiscals i operatives que promouen la sostenibilitat i l&#8217;efici\u00e8ncia econ\u00f2mica. A m\u00e9s, Catalunya ha anunciat un ambici\u00f3s pla per consolidar-se com a [&hellip;]<\/p>\n","protected":false},"author":3,"featured_media":12231,"comment_status":"open","ping_status":"open","sticky":false,"template":"","format":"standard","meta":{"footnotes":""},"categories":[11],"tags":[],"class_list":["post-12236","post","type-post","status-publish","format-standard","has-post-thumbnail","hentry","category-uncategorized-ca","entry","has-media"],"yoast_head":"<!-- This site is optimized with the Yoast SEO plugin v27.5 - https:\/\/yoast.com\/product\/yoast-seo-wordpress\/ -->\n<title>Beneficis Fiscals dels Vehicles El\u00e8ctrics per a Empreses el 2025 - SIGE<\/title>\n<meta name=\"description\" content=\"Descobreix com la mobilitat el\u00e8ctrica pot generar estalvi i avantatges fiscals per a la teva empresa el 2025. Redueix costos i millora la teva competitivitat amb SIGE.\" \/>\n<meta name=\"robots\" content=\"index, follow, max-snippet:-1, max-image-preview:large, max-video-preview:-1\" \/>\n<link rel=\"canonical\" href=\"https:\/\/sige-bs.com\/ca\/mobilitat-electrica-avantatges-empreses\/\" \/>\n<meta property=\"og:locale\" content=\"ca_ES\" \/>\n<meta property=\"og:type\" content=\"article\" \/>\n<meta property=\"og:title\" content=\"Beneficis Fiscals dels Vehicles El\u00e8ctrics per a Empreses el 2025 - SIGE\" \/>\n<meta property=\"og:description\" content=\"Descobreix com la mobilitat el\u00e8ctrica pot generar estalvi i avantatges fiscals per a la teva empresa el 2025. Redueix costos i millora la teva competitivitat amb SIGE.\" \/>\n<meta property=\"og:url\" content=\"https:\/\/sige-bs.com\/ca\/mobilitat-electrica-avantatges-empreses\/\" \/>\n<meta property=\"og:site_name\" content=\"SIGE\" \/>\n<meta property=\"article:published_time\" content=\"2025-02-24T14:20:00+00:00\" \/>\n<meta property=\"article:modified_time\" content=\"2025-02-24T14:20:01+00:00\" \/>\n<meta property=\"og:image\" content=\"https:\/\/sige-bs.com\/wp-content\/uploads\/2025\/02\/vehiculoselectricos-scaled.jpg\" \/>\n\t<meta property=\"og:image:width\" content=\"2560\" \/>\n\t<meta property=\"og:image:height\" content=\"2195\" \/>\n\t<meta property=\"og:image:type\" content=\"image\/jpeg\" \/>\n<meta name=\"author\" content=\"David\" \/>\n<meta name=\"twitter:card\" content=\"summary_large_image\" \/>\n<meta name=\"twitter:label1\" content=\"Escrit per\" \/>\n\t<meta name=\"twitter:data1\" content=\"David\" \/>\n\t<meta name=\"twitter:label2\" content=\"Temps estimat de lectura\" \/>\n\t<meta name=\"twitter:data2\" content=\"3 minuts\" \/>\n<script type=\"application\/ld+json\" class=\"yoast-schema-graph\">{\"@context\":\"https:\\\/\\\/schema.org\",\"@graph\":[{\"@type\":\"Article\",\"@id\":\"https:\\\/\\\/sige-bs.com\\\/ca\\\/mobilitat-electrica-avantatges-empreses\\\/#article\",\"isPartOf\":{\"@id\":\"https:\\\/\\\/sige-bs.com\\\/ca\\\/mobilitat-electrica-avantatges-empreses\\\/\"},\"author\":{\"name\":\"David\",\"@id\":\"https:\\\/\\\/sige-bs.com\\\/#\\\/schema\\\/person\\\/cf823dc31d7c60aee26a95193988488b\"},\"headline\":\"Beneficis Fiscals dels Vehicles El\u00e8ctrics per a Empreses el 2025\",\"datePublished\":\"2025-02-24T14:20:00+00:00\",\"dateModified\":\"2025-02-24T14:20:01+00:00\",\"mainEntityOfPage\":{\"@id\":\"https:\\\/\\\/sige-bs.com\\\/ca\\\/mobilitat-electrica-avantatges-empreses\\\/\"},\"wordCount\":654,\"commentCount\":0,\"publisher\":{\"@id\":\"https:\\\/\\\/sige-bs.com\\\/#organization\"},\"image\":{\"@id\":\"https:\\\/\\\/sige-bs.com\\\/ca\\\/mobilitat-electrica-avantatges-empreses\\\/#primaryimage\"},\"thumbnailUrl\":\"https:\\\/\\\/sige-bs.com\\\/wp-content\\\/uploads\\\/2025\\\/02\\\/vehiculoselectricos-scaled.jpg\",\"articleSection\":[\"Uncategorized @ca\"],\"inLanguage\":\"ca\",\"potentialAction\":[{\"@type\":\"CommentAction\",\"name\":\"Comment\",\"target\":[\"https:\\\/\\\/sige-bs.com\\\/ca\\\/mobilitat-electrica-avantatges-empreses\\\/#respond\"]}]},{\"@type\":\"WebPage\",\"@id\":\"https:\\\/\\\/sige-bs.com\\\/ca\\\/mobilitat-electrica-avantatges-empreses\\\/\",\"url\":\"https:\\\/\\\/sige-bs.com\\\/ca\\\/mobilitat-electrica-avantatges-empreses\\\/\",\"name\":\"Beneficis Fiscals dels Vehicles El\u00e8ctrics per a Empreses el 2025 - SIGE\",\"isPartOf\":{\"@id\":\"https:\\\/\\\/sige-bs.com\\\/#website\"},\"primaryImageOfPage\":{\"@id\":\"https:\\\/\\\/sige-bs.com\\\/ca\\\/mobilitat-electrica-avantatges-empreses\\\/#primaryimage\"},\"image\":{\"@id\":\"https:\\\/\\\/sige-bs.com\\\/ca\\\/mobilitat-electrica-avantatges-empreses\\\/#primaryimage\"},\"thumbnailUrl\":\"https:\\\/\\\/sige-bs.com\\\/wp-content\\\/uploads\\\/2025\\\/02\\\/vehiculoselectricos-scaled.jpg\",\"datePublished\":\"2025-02-24T14:20:00+00:00\",\"dateModified\":\"2025-02-24T14:20:01+00:00\",\"description\":\"Descobreix com la mobilitat el\u00e8ctrica pot generar estalvi i avantatges fiscals per a la teva empresa el 2025. Redueix costos i millora la teva competitivitat amb SIGE.\",\"breadcrumb\":{\"@id\":\"https:\\\/\\\/sige-bs.com\\\/ca\\\/mobilitat-electrica-avantatges-empreses\\\/#breadcrumb\"},\"inLanguage\":\"ca\",\"potentialAction\":[{\"@type\":\"ReadAction\",\"target\":[\"https:\\\/\\\/sige-bs.com\\\/ca\\\/mobilitat-electrica-avantatges-empreses\\\/\"]}]},{\"@type\":\"ImageObject\",\"inLanguage\":\"ca\",\"@id\":\"https:\\\/\\\/sige-bs.com\\\/ca\\\/mobilitat-electrica-avantatges-empreses\\\/#primaryimage\",\"url\":\"https:\\\/\\\/sige-bs.com\\\/wp-content\\\/uploads\\\/2025\\\/02\\\/vehiculoselectricos-scaled.jpg\",\"contentUrl\":\"https:\\\/\\\/sige-bs.com\\\/wp-content\\\/uploads\\\/2025\\\/02\\\/vehiculoselectricos-scaled.jpg\",\"width\":2560,\"height\":2195},{\"@type\":\"BreadcrumbList\",\"@id\":\"https:\\\/\\\/sige-bs.com\\\/ca\\\/mobilitat-electrica-avantatges-empreses\\\/#breadcrumb\",\"itemListElement\":[{\"@type\":\"ListItem\",\"position\":1,\"name\":\"Portada\",\"item\":\"https:\\\/\\\/sige-bs.com\\\/fr\\\/\"},{\"@type\":\"ListItem\",\"position\":2,\"name\":\"Beneficis Fiscals dels Vehicles El\u00e8ctrics per a Empreses el 2025\"}]},{\"@type\":\"WebSite\",\"@id\":\"https:\\\/\\\/sige-bs.com\\\/#website\",\"url\":\"https:\\\/\\\/sige-bs.com\\\/\",\"name\":\"SIGE\",\"description\":\"\",\"publisher\":{\"@id\":\"https:\\\/\\\/sige-bs.com\\\/#organization\"},\"potentialAction\":[{\"@type\":\"SearchAction\",\"target\":{\"@type\":\"EntryPoint\",\"urlTemplate\":\"https:\\\/\\\/sige-bs.com\\\/?s={search_term_string}\"},\"query-input\":{\"@type\":\"PropertyValueSpecification\",\"valueRequired\":true,\"valueName\":\"search_term_string\"}}],\"inLanguage\":\"ca\"},{\"@type\":\"Organization\",\"@id\":\"https:\\\/\\\/sige-bs.com\\\/#organization\",\"name\":\"SIGE\",\"url\":\"https:\\\/\\\/sige-bs.com\\\/\",\"logo\":{\"@type\":\"ImageObject\",\"inLanguage\":\"ca\",\"@id\":\"https:\\\/\\\/sige-bs.com\\\/#\\\/schema\\\/logo\\\/image\\\/\",\"url\":\"https:\\\/\\\/sige-bs.com\\\/wp-content\\\/uploads\\\/2022\\\/11\\\/Captura_de_pantalla__365_-removebg-preview-e1667848132214.png\",\"contentUrl\":\"https:\\\/\\\/sige-bs.com\\\/wp-content\\\/uploads\\\/2022\\\/11\\\/Captura_de_pantalla__365_-removebg-preview-e1667848132214.png\",\"width\":100,\"height\":82,\"caption\":\"SIGE\"},\"image\":{\"@id\":\"https:\\\/\\\/sige-bs.com\\\/#\\\/schema\\\/logo\\\/image\\\/\"}},{\"@type\":\"Person\",\"@id\":\"https:\\\/\\\/sige-bs.com\\\/#\\\/schema\\\/person\\\/cf823dc31d7c60aee26a95193988488b\",\"name\":\"David\",\"image\":{\"@type\":\"ImageObject\",\"inLanguage\":\"ca\",\"@id\":\"https:\\\/\\\/secure.gravatar.com\\\/avatar\\\/9381e1910b0dad2f5b7826ca1f08127ab00e4778f9807f82857bf0fc72b60ae7?s=96&d=mm&r=g\",\"url\":\"https:\\\/\\\/secure.gravatar.com\\\/avatar\\\/9381e1910b0dad2f5b7826ca1f08127ab00e4778f9807f82857bf0fc72b60ae7?s=96&d=mm&r=g\",\"contentUrl\":\"https:\\\/\\\/secure.gravatar.com\\\/avatar\\\/9381e1910b0dad2f5b7826ca1f08127ab00e4778f9807f82857bf0fc72b60ae7?s=96&d=mm&r=g\",\"caption\":\"David\"},\"url\":\"https:\\\/\\\/sige-bs.com\\\/ca\\\/author\\\/david\\\/\"}]}<\/script>\n<!-- \/ Yoast SEO plugin. -->","yoast_head_json":{"title":"Beneficis Fiscals dels Vehicles El\u00e8ctrics per a Empreses el 2025 - SIGE","description":"Descobreix com la mobilitat el\u00e8ctrica pot generar estalvi i avantatges fiscals per a la teva empresa el 2025. Redueix costos i millora la teva competitivitat amb SIGE.","robots":{"index":"index","follow":"follow","max-snippet":"max-snippet:-1","max-image-preview":"max-image-preview:large","max-video-preview":"max-video-preview:-1"},"canonical":"https:\/\/sige-bs.com\/ca\/mobilitat-electrica-avantatges-empreses\/","og_locale":"ca_ES","og_type":"article","og_title":"Beneficis Fiscals dels Vehicles El\u00e8ctrics per a Empreses el 2025 - SIGE","og_description":"Descobreix com la mobilitat el\u00e8ctrica pot generar estalvi i avantatges fiscals per a la teva empresa el 2025. Redueix costos i millora la teva competitivitat amb SIGE.","og_url":"https:\/\/sige-bs.com\/ca\/mobilitat-electrica-avantatges-empreses\/","og_site_name":"SIGE","article_published_time":"2025-02-24T14:20:00+00:00","article_modified_time":"2025-02-24T14:20:01+00:00","og_image":[{"width":2560,"height":2195,"url":"https:\/\/sige-bs.com\/wp-content\/uploads\/2025\/02\/vehiculoselectricos-scaled.jpg","type":"image\/jpeg"}],"author":"David","twitter_card":"summary_large_image","twitter_misc":{"Escrit per":"David","Temps estimat de lectura":"3 minuts"},"schema":{"@context":"https:\/\/schema.org","@graph":[{"@type":"Article","@id":"https:\/\/sige-bs.com\/ca\/mobilitat-electrica-avantatges-empreses\/#article","isPartOf":{"@id":"https:\/\/sige-bs.com\/ca\/mobilitat-electrica-avantatges-empreses\/"},"author":{"name":"David","@id":"https:\/\/sige-bs.com\/#\/schema\/person\/cf823dc31d7c60aee26a95193988488b"},"headline":"Beneficis Fiscals dels Vehicles El\u00e8ctrics per a Empreses el 2025","datePublished":"2025-02-24T14:20:00+00:00","dateModified":"2025-02-24T14:20:01+00:00","mainEntityOfPage":{"@id":"https:\/\/sige-bs.com\/ca\/mobilitat-electrica-avantatges-empreses\/"},"wordCount":654,"commentCount":0,"publisher":{"@id":"https:\/\/sige-bs.com\/#organization"},"image":{"@id":"https:\/\/sige-bs.com\/ca\/mobilitat-electrica-avantatges-empreses\/#primaryimage"},"thumbnailUrl":"https:\/\/sige-bs.com\/wp-content\/uploads\/2025\/02\/vehiculoselectricos-scaled.jpg","articleSection":["Uncategorized @ca"],"inLanguage":"ca","potentialAction":[{"@type":"CommentAction","name":"Comment","target":["https:\/\/sige-bs.com\/ca\/mobilitat-electrica-avantatges-empreses\/#respond"]}]},{"@type":"WebPage","@id":"https:\/\/sige-bs.com\/ca\/mobilitat-electrica-avantatges-empreses\/","url":"https:\/\/sige-bs.com\/ca\/mobilitat-electrica-avantatges-empreses\/","name":"Beneficis Fiscals dels Vehicles El\u00e8ctrics per a Empreses el 2025 - SIGE","isPartOf":{"@id":"https:\/\/sige-bs.com\/#website"},"primaryImageOfPage":{"@id":"https:\/\/sige-bs.com\/ca\/mobilitat-electrica-avantatges-empreses\/#primaryimage"},"image":{"@id":"https:\/\/sige-bs.com\/ca\/mobilitat-electrica-avantatges-empreses\/#primaryimage"},"thumbnailUrl":"https:\/\/sige-bs.com\/wp-content\/uploads\/2025\/02\/vehiculoselectricos-scaled.jpg","datePublished":"2025-02-24T14:20:00+00:00","dateModified":"2025-02-24T14:20:01+00:00","description":"Descobreix com la mobilitat el\u00e8ctrica pot generar estalvi i avantatges fiscals per a la teva empresa el 2025. Redueix costos i millora la teva competitivitat amb SIGE.","breadcrumb":{"@id":"https:\/\/sige-bs.com\/ca\/mobilitat-electrica-avantatges-empreses\/#breadcrumb"},"inLanguage":"ca","potentialAction":[{"@type":"ReadAction","target":["https:\/\/sige-bs.com\/ca\/mobilitat-electrica-avantatges-empreses\/"]}]},{"@type":"ImageObject","inLanguage":"ca","@id":"https:\/\/sige-bs.com\/ca\/mobilitat-electrica-avantatges-empreses\/#primaryimage","url":"https:\/\/sige-bs.com\/wp-content\/uploads\/2025\/02\/vehiculoselectricos-scaled.jpg","contentUrl":"https:\/\/sige-bs.com\/wp-content\/uploads\/2025\/02\/vehiculoselectricos-scaled.jpg","width":2560,"height":2195},{"@type":"BreadcrumbList","@id":"https:\/\/sige-bs.com\/ca\/mobilitat-electrica-avantatges-empreses\/#breadcrumb","itemListElement":[{"@type":"ListItem","position":1,"name":"Portada","item":"https:\/\/sige-bs.com\/fr\/"},{"@type":"ListItem","position":2,"name":"Beneficis Fiscals dels Vehicles El\u00e8ctrics per a Empreses el 2025"}]},{"@type":"WebSite","@id":"https:\/\/sige-bs.com\/#website","url":"https:\/\/sige-bs.com\/","name":"SIGE","description":"","publisher":{"@id":"https:\/\/sige-bs.com\/#organization"},"potentialAction":[{"@type":"SearchAction","target":{"@type":"EntryPoint","urlTemplate":"https:\/\/sige-bs.com\/?s={search_term_string}"},"query-input":{"@type":"PropertyValueSpecification","valueRequired":true,"valueName":"search_term_string"}}],"inLanguage":"ca"},{"@type":"Organization","@id":"https:\/\/sige-bs.com\/#organization","name":"SIGE","url":"https:\/\/sige-bs.com\/","logo":{"@type":"ImageObject","inLanguage":"ca","@id":"https:\/\/sige-bs.com\/#\/schema\/logo\/image\/","url":"https:\/\/sige-bs.com\/wp-content\/uploads\/2022\/11\/Captura_de_pantalla__365_-removebg-preview-e1667848132214.png","contentUrl":"https:\/\/sige-bs.com\/wp-content\/uploads\/2022\/11\/Captura_de_pantalla__365_-removebg-preview-e1667848132214.png","width":100,"height":82,"caption":"SIGE"},"image":{"@id":"https:\/\/sige-bs.com\/#\/schema\/logo\/image\/"}},{"@type":"Person","@id":"https:\/\/sige-bs.com\/#\/schema\/person\/cf823dc31d7c60aee26a95193988488b","name":"David","image":{"@type":"ImageObject","inLanguage":"ca","@id":"https:\/\/secure.gravatar.com\/avatar\/9381e1910b0dad2f5b7826ca1f08127ab00e4778f9807f82857bf0fc72b60ae7?s=96&d=mm&r=g","url":"https:\/\/secure.gravatar.com\/avatar\/9381e1910b0dad2f5b7826ca1f08127ab00e4778f9807f82857bf0fc72b60ae7?s=96&d=mm&r=g","contentUrl":"https:\/\/secure.gravatar.com\/avatar\/9381e1910b0dad2f5b7826ca1f08127ab00e4778f9807f82857bf0fc72b60ae7?s=96&d=mm&r=g","caption":"David"},"url":"https:\/\/sige-bs.com\/ca\/author\/david\/"}]}},"_links":{"self":[{"href":"https:\/\/sige-bs.com\/ca\/wp-json\/wp\/v2\/posts\/12236","targetHints":{"allow":["GET"]}}],"collection":[{"href":"https:\/\/sige-bs.com\/ca\/wp-json\/wp\/v2\/posts"}],"about":[{"href":"https:\/\/sige-bs.com\/ca\/wp-json\/wp\/v2\/types\/post"}],"author":[{"embeddable":true,"href":"https:\/\/sige-bs.com\/ca\/wp-json\/wp\/v2\/users\/3"}],"replies":[{"embeddable":true,"href":"https:\/\/sige-bs.com\/ca\/wp-json\/wp\/v2\/comments?post=12236"}],"version-history":[{"count":1,"href":"https:\/\/sige-bs.com\/ca\/wp-json\/wp\/v2\/posts\/12236\/revisions"}],"predecessor-version":[{"id":12237,"href":"https:\/\/sige-bs.com\/ca\/wp-json\/wp\/v2\/posts\/12236\/revisions\/12237"}],"wp:featuredmedia":[{"embeddable":true,"href":"https:\/\/sige-bs.com\/ca\/wp-json\/wp\/v2\/media\/12231"}],"wp:attachment":[{"href":"https:\/\/sige-bs.com\/ca\/wp-json\/wp\/v2\/media?parent=12236"}],"wp:term":[{"taxonomy":"category","embeddable":true,"href":"https:\/\/sige-bs.com\/ca\/wp-json\/wp\/v2\/categories?post=12236"},{"taxonomy":"post_tag","embeddable":true,"href":"https:\/\/sige-bs.com\/ca\/wp-json\/wp\/v2\/tags?post=12236"}],"curies":[{"name":"wp","href":"https:\/\/api.w.org\/{rel}","templated":true}]}}