{"id":12282,"date":"2025-03-26T09:09:41","date_gmt":"2025-03-26T09:09:41","guid":{"rendered":"https:\/\/sige-bs.com\/?p=12282"},"modified":"2025-03-26T09:17:58","modified_gmt":"2025-03-26T09:17:58","slug":"inici-de-la-campanya-de-lirpf-2024-claus-i-recomanacions","status":"publish","type":"post","link":"https:\/\/sige-bs.com\/ca\/inici-de-la-campanya-de-lirpf-2024-claus-i-recomanacions\/","title":{"rendered":"Inici de la Campanya de l&#8217;IRPF 2024: Claus i Recomanacions"},"content":{"rendered":"\n<p>El pr\u00f2xim <strong>2 d\u2019abril<\/strong> comen\u00e7a la campanya de l&#8217;<strong>Impost sobre la Renda de les Persones F\u00edsiques (IRPF)<\/strong> de <strong>2024<\/strong>, un proc\u00e9s clau per a milions de contribuents a <strong>Espanya<\/strong>. Enguany, l&#8217;<strong>Ag\u00e8ncia Tribut\u00e0ria<\/strong> mant\u00e9 la seva plataforma <strong>Renda WEB<\/strong> com l\u2019eina principal per a la tramitaci\u00f3 de l\u2019<strong>esborrany<\/strong> i la presentaci\u00f3 de la <strong>declaraci\u00f3<\/strong>. La campanya finalitzar\u00e0 el <strong>30 de juny de 2025<\/strong>, per la qual cosa \u00e9s fonamental <strong>con\u00e8ixer les dates, revisar la informaci\u00f3 i aprofitar les deduccions fiscals disponibles<\/strong>.<\/p>\n\n\n\n<p class=\"has-medium-font-size\"><strong>Revisi\u00f3 de les Dades de l\u2019Esborrany<\/strong><\/p>\n\n\n\n<p>Un dels errors m\u00e9s comuns en la declaraci\u00f3 de l&#8217;<strong>IRPF<\/strong> \u00e9s <strong>donar per v\u00e0lides<\/strong> les dades que proporciona l&#8217;<strong>Ag\u00e8ncia Tribut\u00e0ria<\/strong> sense <strong>revisar-les<\/strong>. Encara que la informaci\u00f3 sol estar completa, \u00e9s possible que alguns conceptes no apareguin correctament o fins i tot faltin. Per aix\u00f2, abans de presentar la <strong>declaraci\u00f3<\/strong>, \u00e9s essencial <strong>verificar <\/strong>que tots els ingressos, deduccions i reduccions fiscals aplicables estiguin ben reflectits.<\/p>\n\n\n\n<p class=\"has-medium-font-size\"><strong>Deducci\u00f3 per Compra d\u2019Habitatge<\/strong><\/p>\n\n\n\n<p>Si vas adquirir el teu <strong>habitatge habitual<\/strong> abans del <strong>2013<\/strong>, pots continuar gaudint de la <strong>deducci\u00f3 per compra d\u2019habitatge<\/strong>, sempre que compleixis els <strong>requisits establerts<\/strong>. \u00c9s important revisar que en l\u2019esborrany apareixen reflectides les <strong>quotes del pr\u00e9stec hipotecari<\/strong> que has pagat durant l\u2019any. En cas contrari, haur\u00e0s d\u2019incloure-les manualment per beneficiar-te d\u2019aquesta deducci\u00f3.<\/p>\n\n\n\n<p class=\"has-medium-font-size\"><strong>Deduccions Relacionades amb Rendes del Treball<\/strong><\/p>\n\n\n\n<p>Els <strong>treballadors<\/strong> poden beneficiar-se de certes deduccions que moltes vegades <strong>no apareixen autom\u00e0ticament<\/strong> en l\u2019esborrany. Entre elles es troben les <strong>quotes de sindicats i col\u00b7legis professionals<\/strong>, aix\u00ed com les <strong>despeses de defensa jur\u00eddica<\/strong> en cas de <strong>litigis laborals<\/strong>. Aquestes deduccions permeten <strong>reduir la base imposable<\/strong>, cosa que pot suposar un <strong>estalvi important<\/strong> en la declaraci\u00f3 de la renda.<\/p>\n\n\n\n<p class=\"has-medium-font-size\"><strong>Beneficis Fiscals per Naixement o Adopci\u00f3<\/strong><\/p>\n\n\n\n<p>Si el <strong>2024<\/strong> has tingut un fill o has adoptat, \u00e9s important comprovar que en la declaraci\u00f3 s\u2019ha aplicat correctament el <strong>m\u00ednim per descendents<\/strong>. Aquest benefici fiscal <strong>redueix l\u2019import total a pagar<\/strong> i pot suposar una <strong>difer\u00e8ncia significativa<\/strong> en el resultat de la declaraci\u00f3. A m\u00e9s, algunes comunitats aut\u00f2nomes ofereixen <strong>deduccions addicionals<\/strong> que cal revisar i aplicar si correspon.Si el <strong>2024<\/strong> has tingut un fill o has adoptat, \u00e9s important comprovar que en la declaraci\u00f3 s\u2019ha aplicat correctament el <strong>m\u00ednim per descendents<\/strong>. Aquest benefici fiscal <strong>redueix l\u2019import total a pagar<\/strong> i pot suposar una <strong>difer\u00e8ncia significativa<\/strong> en el resultat de la declaraci\u00f3. A m\u00e9s, algunes comunitats aut\u00f2nomes ofereixen <strong>deduccions addicionals<\/strong> que cal revisar i aplicar si correspon.<\/p>\n\n\n\n<p class=\"has-medium-font-size\"><strong>Deduccions Auton\u00f2miques<\/strong><\/p>\n\n\n\n<p class=\"has-small-font-size\">Cada comunitat aut\u00f2noma a <strong>Espanya<\/strong> t\u00e9 les seves pr\u00f2pies <strong>deduccions fiscals<\/strong>, que poden suposar un <strong>estalvi extra<\/strong> per als contribuents. Aquestes poden estar relacionades amb <strong>educaci\u00f3, lloguer d\u2019habitatge, discapacitat o cura de familiars<\/strong>, entre altres. Abans de presentar la declaraci\u00f3, conv\u00e9 <strong>revisar la normativa auton\u00f2mica vigent<\/strong> i assegurar-se d\u2019<strong>incloure totes les deduccions aplicables<\/strong>.<\/p>\n\n\n\n<p>Preparar correctament la declaraci\u00f3 de la renda no nom\u00e9s evita problemes amb l&#8217;Ag\u00e8ncia Tribut\u00e0ria, sin\u00f3 que tamb\u00e9 permet optimitzar la c\u00e0rrega fiscal i aprofitar tots els beneficis fiscals disponibles.<\/p>\n\n\n\n<p>A <strong>SIGE<\/strong>, et podem ajudar a comprendre els detalls de la llei i a implementar solucions tecnol\u00f2giques que assegurin el compliment normatiu. <strong>Contacta&#8217;ns<\/strong> avui mateix a trav\u00e9s de<a href=\"https:\/\/sige-bs.com\/\"> <strong>www.sige-bs.com<\/strong><\/a> per rebre assessorament i presentar la teva declaraci\u00f3 de manera eficient i sense complicacions.Contacta amb nosaltres.<\/p>\n","protected":false},"excerpt":{"rendered":"<p>El pr\u00f2xim 2 d\u2019abril comen\u00e7a la campanya de l&#8217;Impost sobre la Renda de les Persones F\u00edsiques (IRPF) de 2024, un proc\u00e9s clau per a milions de contribuents a Espanya. Enguany, l&#8217;Ag\u00e8ncia Tribut\u00e0ria mant\u00e9 la seva plataforma Renda WEB com l\u2019eina principal per a la tramitaci\u00f3 de l\u2019esborrany i la presentaci\u00f3 de la declaraci\u00f3. La campanya [&hellip;]<\/p>\n","protected":false},"author":3,"featured_media":12283,"comment_status":"open","ping_status":"open","sticky":false,"template":"","format":"standard","meta":{"footnotes":""},"categories":[11],"tags":[],"class_list":["post-12282","post","type-post","status-publish","format-standard","has-post-thumbnail","hentry","category-uncategorized-ca","entry","has-media"],"yoast_head":"<!-- This site is optimized with the Yoast SEO plugin v27.5 - https:\/\/yoast.com\/product\/yoast-seo-wordpress\/ -->\n<title>Inici de la Campanya de l&#039;IRPF 2024: Claus i Recomanacions - SIGE<\/title>\n<meta name=\"robots\" content=\"index, follow, max-snippet:-1, max-image-preview:large, max-video-preview:-1\" \/>\n<link rel=\"canonical\" href=\"https:\/\/sige-bs.com\/ca\/inici-de-la-campanya-de-lirpf-2024-claus-i-recomanacions\/\" \/>\n<meta property=\"og:locale\" content=\"ca_ES\" \/>\n<meta property=\"og:type\" content=\"article\" \/>\n<meta property=\"og:title\" content=\"Inici de la Campanya de l&#039;IRPF 2024: Claus i Recomanacions - SIGE\" \/>\n<meta property=\"og:description\" content=\"El pr\u00f2xim 2 d\u2019abril comen\u00e7a la campanya de l&#8217;Impost sobre la Renda de les Persones F\u00edsiques (IRPF) de 2024, un proc\u00e9s clau per a milions de contribuents a Espanya. Enguany, l&#8217;Ag\u00e8ncia Tribut\u00e0ria mant\u00e9 la seva plataforma Renda WEB com l\u2019eina principal per a la tramitaci\u00f3 de l\u2019esborrany i la presentaci\u00f3 de la declaraci\u00f3. La campanya [&hellip;]\" \/>\n<meta property=\"og:url\" content=\"https:\/\/sige-bs.com\/ca\/inici-de-la-campanya-de-lirpf-2024-claus-i-recomanacions\/\" \/>\n<meta property=\"og:site_name\" content=\"SIGE\" \/>\n<meta property=\"article:published_time\" content=\"2025-03-26T09:09:41+00:00\" \/>\n<meta property=\"article:modified_time\" content=\"2025-03-26T09:17:58+00:00\" \/>\n<meta property=\"og:image\" content=\"https:\/\/sige-bs.com\/wp-content\/uploads\/2025\/03\/Declaracion-renta-1-scaled.jpg\" \/>\n\t<meta property=\"og:image:width\" content=\"2560\" \/>\n\t<meta property=\"og:image:height\" content=\"1707\" \/>\n\t<meta property=\"og:image:type\" content=\"image\/jpeg\" \/>\n<meta name=\"author\" content=\"David\" \/>\n<meta name=\"twitter:card\" content=\"summary_large_image\" \/>\n<meta name=\"twitter:label1\" content=\"Escrit per\" \/>\n\t<meta name=\"twitter:data1\" content=\"David\" \/>\n\t<meta name=\"twitter:label2\" content=\"Temps estimat de lectura\" \/>\n\t<meta name=\"twitter:data2\" content=\"3 minuts\" \/>\n<script type=\"application\/ld+json\" class=\"yoast-schema-graph\">{\"@context\":\"https:\\\/\\\/schema.org\",\"@graph\":[{\"@type\":\"Article\",\"@id\":\"https:\\\/\\\/sige-bs.com\\\/ca\\\/inici-de-la-campanya-de-lirpf-2024-claus-i-recomanacions\\\/#article\",\"isPartOf\":{\"@id\":\"https:\\\/\\\/sige-bs.com\\\/ca\\\/inici-de-la-campanya-de-lirpf-2024-claus-i-recomanacions\\\/\"},\"author\":{\"name\":\"David\",\"@id\":\"https:\\\/\\\/sige-bs.com\\\/#\\\/schema\\\/person\\\/cf823dc31d7c60aee26a95193988488b\"},\"headline\":\"Inici de la Campanya de l&#8217;IRPF 2024: Claus i Recomanacions\",\"datePublished\":\"2025-03-26T09:09:41+00:00\",\"dateModified\":\"2025-03-26T09:17:58+00:00\",\"mainEntityOfPage\":{\"@id\":\"https:\\\/\\\/sige-bs.com\\\/ca\\\/inici-de-la-campanya-de-lirpf-2024-claus-i-recomanacions\\\/\"},\"wordCount\":587,\"commentCount\":0,\"publisher\":{\"@id\":\"https:\\\/\\\/sige-bs.com\\\/#organization\"},\"image\":{\"@id\":\"https:\\\/\\\/sige-bs.com\\\/ca\\\/inici-de-la-campanya-de-lirpf-2024-claus-i-recomanacions\\\/#primaryimage\"},\"thumbnailUrl\":\"https:\\\/\\\/sige-bs.com\\\/wp-content\\\/uploads\\\/2025\\\/03\\\/Declaracion-renta-1-scaled.jpg\",\"articleSection\":[\"Uncategorized @ca\"],\"inLanguage\":\"ca\",\"potentialAction\":[{\"@type\":\"CommentAction\",\"name\":\"Comment\",\"target\":[\"https:\\\/\\\/sige-bs.com\\\/ca\\\/inici-de-la-campanya-de-lirpf-2024-claus-i-recomanacions\\\/#respond\"]}]},{\"@type\":\"WebPage\",\"@id\":\"https:\\\/\\\/sige-bs.com\\\/ca\\\/inici-de-la-campanya-de-lirpf-2024-claus-i-recomanacions\\\/\",\"url\":\"https:\\\/\\\/sige-bs.com\\\/ca\\\/inici-de-la-campanya-de-lirpf-2024-claus-i-recomanacions\\\/\",\"name\":\"Inici de la Campanya de l'IRPF 2024: Claus i Recomanacions - SIGE\",\"isPartOf\":{\"@id\":\"https:\\\/\\\/sige-bs.com\\\/#website\"},\"primaryImageOfPage\":{\"@id\":\"https:\\\/\\\/sige-bs.com\\\/ca\\\/inici-de-la-campanya-de-lirpf-2024-claus-i-recomanacions\\\/#primaryimage\"},\"image\":{\"@id\":\"https:\\\/\\\/sige-bs.com\\\/ca\\\/inici-de-la-campanya-de-lirpf-2024-claus-i-recomanacions\\\/#primaryimage\"},\"thumbnailUrl\":\"https:\\\/\\\/sige-bs.com\\\/wp-content\\\/uploads\\\/2025\\\/03\\\/Declaracion-renta-1-scaled.jpg\",\"datePublished\":\"2025-03-26T09:09:41+00:00\",\"dateModified\":\"2025-03-26T09:17:58+00:00\",\"breadcrumb\":{\"@id\":\"https:\\\/\\\/sige-bs.com\\\/ca\\\/inici-de-la-campanya-de-lirpf-2024-claus-i-recomanacions\\\/#breadcrumb\"},\"inLanguage\":\"ca\",\"potentialAction\":[{\"@type\":\"ReadAction\",\"target\":[\"https:\\\/\\\/sige-bs.com\\\/ca\\\/inici-de-la-campanya-de-lirpf-2024-claus-i-recomanacions\\\/\"]}]},{\"@type\":\"ImageObject\",\"inLanguage\":\"ca\",\"@id\":\"https:\\\/\\\/sige-bs.com\\\/ca\\\/inici-de-la-campanya-de-lirpf-2024-claus-i-recomanacions\\\/#primaryimage\",\"url\":\"https:\\\/\\\/sige-bs.com\\\/wp-content\\\/uploads\\\/2025\\\/03\\\/Declaracion-renta-1-scaled.jpg\",\"contentUrl\":\"https:\\\/\\\/sige-bs.com\\\/wp-content\\\/uploads\\\/2025\\\/03\\\/Declaracion-renta-1-scaled.jpg\",\"width\":2560,\"height\":1707},{\"@type\":\"BreadcrumbList\",\"@id\":\"https:\\\/\\\/sige-bs.com\\\/ca\\\/inici-de-la-campanya-de-lirpf-2024-claus-i-recomanacions\\\/#breadcrumb\",\"itemListElement\":[{\"@type\":\"ListItem\",\"position\":1,\"name\":\"Portada\",\"item\":\"https:\\\/\\\/sige-bs.com\\\/fr\\\/\"},{\"@type\":\"ListItem\",\"position\":2,\"name\":\"Inici de la Campanya de l&#8217;IRPF 2024: Claus i Recomanacions\"}]},{\"@type\":\"WebSite\",\"@id\":\"https:\\\/\\\/sige-bs.com\\\/#website\",\"url\":\"https:\\\/\\\/sige-bs.com\\\/\",\"name\":\"SIGE\",\"description\":\"\",\"publisher\":{\"@id\":\"https:\\\/\\\/sige-bs.com\\\/#organization\"},\"potentialAction\":[{\"@type\":\"SearchAction\",\"target\":{\"@type\":\"EntryPoint\",\"urlTemplate\":\"https:\\\/\\\/sige-bs.com\\\/?s={search_term_string}\"},\"query-input\":{\"@type\":\"PropertyValueSpecification\",\"valueRequired\":true,\"valueName\":\"search_term_string\"}}],\"inLanguage\":\"ca\"},{\"@type\":\"Organization\",\"@id\":\"https:\\\/\\\/sige-bs.com\\\/#organization\",\"name\":\"SIGE\",\"url\":\"https:\\\/\\\/sige-bs.com\\\/\",\"logo\":{\"@type\":\"ImageObject\",\"inLanguage\":\"ca\",\"@id\":\"https:\\\/\\\/sige-bs.com\\\/#\\\/schema\\\/logo\\\/image\\\/\",\"url\":\"https:\\\/\\\/sige-bs.com\\\/wp-content\\\/uploads\\\/2022\\\/11\\\/Captura_de_pantalla__365_-removebg-preview-e1667848132214.png\",\"contentUrl\":\"https:\\\/\\\/sige-bs.com\\\/wp-content\\\/uploads\\\/2022\\\/11\\\/Captura_de_pantalla__365_-removebg-preview-e1667848132214.png\",\"width\":100,\"height\":82,\"caption\":\"SIGE\"},\"image\":{\"@id\":\"https:\\\/\\\/sige-bs.com\\\/#\\\/schema\\\/logo\\\/image\\\/\"}},{\"@type\":\"Person\",\"@id\":\"https:\\\/\\\/sige-bs.com\\\/#\\\/schema\\\/person\\\/cf823dc31d7c60aee26a95193988488b\",\"name\":\"David\",\"image\":{\"@type\":\"ImageObject\",\"inLanguage\":\"ca\",\"@id\":\"https:\\\/\\\/secure.gravatar.com\\\/avatar\\\/9381e1910b0dad2f5b7826ca1f08127ab00e4778f9807f82857bf0fc72b60ae7?s=96&d=mm&r=g\",\"url\":\"https:\\\/\\\/secure.gravatar.com\\\/avatar\\\/9381e1910b0dad2f5b7826ca1f08127ab00e4778f9807f82857bf0fc72b60ae7?s=96&d=mm&r=g\",\"contentUrl\":\"https:\\\/\\\/secure.gravatar.com\\\/avatar\\\/9381e1910b0dad2f5b7826ca1f08127ab00e4778f9807f82857bf0fc72b60ae7?s=96&d=mm&r=g\",\"caption\":\"David\"},\"url\":\"https:\\\/\\\/sige-bs.com\\\/ca\\\/author\\\/david\\\/\"}]}<\/script>\n<!-- \/ Yoast SEO plugin. -->","yoast_head_json":{"title":"Inici de la Campanya de l'IRPF 2024: Claus i Recomanacions - SIGE","robots":{"index":"index","follow":"follow","max-snippet":"max-snippet:-1","max-image-preview":"max-image-preview:large","max-video-preview":"max-video-preview:-1"},"canonical":"https:\/\/sige-bs.com\/ca\/inici-de-la-campanya-de-lirpf-2024-claus-i-recomanacions\/","og_locale":"ca_ES","og_type":"article","og_title":"Inici de la Campanya de l'IRPF 2024: Claus i Recomanacions - SIGE","og_description":"El pr\u00f2xim 2 d\u2019abril comen\u00e7a la campanya de l&#8217;Impost sobre la Renda de les Persones F\u00edsiques (IRPF) de 2024, un proc\u00e9s clau per a milions de contribuents a Espanya. Enguany, l&#8217;Ag\u00e8ncia Tribut\u00e0ria mant\u00e9 la seva plataforma Renda WEB com l\u2019eina principal per a la tramitaci\u00f3 de l\u2019esborrany i la presentaci\u00f3 de la declaraci\u00f3. La campanya [&hellip;]","og_url":"https:\/\/sige-bs.com\/ca\/inici-de-la-campanya-de-lirpf-2024-claus-i-recomanacions\/","og_site_name":"SIGE","article_published_time":"2025-03-26T09:09:41+00:00","article_modified_time":"2025-03-26T09:17:58+00:00","og_image":[{"width":2560,"height":1707,"url":"https:\/\/sige-bs.com\/wp-content\/uploads\/2025\/03\/Declaracion-renta-1-scaled.jpg","type":"image\/jpeg"}],"author":"David","twitter_card":"summary_large_image","twitter_misc":{"Escrit per":"David","Temps estimat de lectura":"3 minuts"},"schema":{"@context":"https:\/\/schema.org","@graph":[{"@type":"Article","@id":"https:\/\/sige-bs.com\/ca\/inici-de-la-campanya-de-lirpf-2024-claus-i-recomanacions\/#article","isPartOf":{"@id":"https:\/\/sige-bs.com\/ca\/inici-de-la-campanya-de-lirpf-2024-claus-i-recomanacions\/"},"author":{"name":"David","@id":"https:\/\/sige-bs.com\/#\/schema\/person\/cf823dc31d7c60aee26a95193988488b"},"headline":"Inici de la Campanya de l&#8217;IRPF 2024: Claus i Recomanacions","datePublished":"2025-03-26T09:09:41+00:00","dateModified":"2025-03-26T09:17:58+00:00","mainEntityOfPage":{"@id":"https:\/\/sige-bs.com\/ca\/inici-de-la-campanya-de-lirpf-2024-claus-i-recomanacions\/"},"wordCount":587,"commentCount":0,"publisher":{"@id":"https:\/\/sige-bs.com\/#organization"},"image":{"@id":"https:\/\/sige-bs.com\/ca\/inici-de-la-campanya-de-lirpf-2024-claus-i-recomanacions\/#primaryimage"},"thumbnailUrl":"https:\/\/sige-bs.com\/wp-content\/uploads\/2025\/03\/Declaracion-renta-1-scaled.jpg","articleSection":["Uncategorized @ca"],"inLanguage":"ca","potentialAction":[{"@type":"CommentAction","name":"Comment","target":["https:\/\/sige-bs.com\/ca\/inici-de-la-campanya-de-lirpf-2024-claus-i-recomanacions\/#respond"]}]},{"@type":"WebPage","@id":"https:\/\/sige-bs.com\/ca\/inici-de-la-campanya-de-lirpf-2024-claus-i-recomanacions\/","url":"https:\/\/sige-bs.com\/ca\/inici-de-la-campanya-de-lirpf-2024-claus-i-recomanacions\/","name":"Inici de la Campanya de l'IRPF 2024: Claus i Recomanacions - SIGE","isPartOf":{"@id":"https:\/\/sige-bs.com\/#website"},"primaryImageOfPage":{"@id":"https:\/\/sige-bs.com\/ca\/inici-de-la-campanya-de-lirpf-2024-claus-i-recomanacions\/#primaryimage"},"image":{"@id":"https:\/\/sige-bs.com\/ca\/inici-de-la-campanya-de-lirpf-2024-claus-i-recomanacions\/#primaryimage"},"thumbnailUrl":"https:\/\/sige-bs.com\/wp-content\/uploads\/2025\/03\/Declaracion-renta-1-scaled.jpg","datePublished":"2025-03-26T09:09:41+00:00","dateModified":"2025-03-26T09:17:58+00:00","breadcrumb":{"@id":"https:\/\/sige-bs.com\/ca\/inici-de-la-campanya-de-lirpf-2024-claus-i-recomanacions\/#breadcrumb"},"inLanguage":"ca","potentialAction":[{"@type":"ReadAction","target":["https:\/\/sige-bs.com\/ca\/inici-de-la-campanya-de-lirpf-2024-claus-i-recomanacions\/"]}]},{"@type":"ImageObject","inLanguage":"ca","@id":"https:\/\/sige-bs.com\/ca\/inici-de-la-campanya-de-lirpf-2024-claus-i-recomanacions\/#primaryimage","url":"https:\/\/sige-bs.com\/wp-content\/uploads\/2025\/03\/Declaracion-renta-1-scaled.jpg","contentUrl":"https:\/\/sige-bs.com\/wp-content\/uploads\/2025\/03\/Declaracion-renta-1-scaled.jpg","width":2560,"height":1707},{"@type":"BreadcrumbList","@id":"https:\/\/sige-bs.com\/ca\/inici-de-la-campanya-de-lirpf-2024-claus-i-recomanacions\/#breadcrumb","itemListElement":[{"@type":"ListItem","position":1,"name":"Portada","item":"https:\/\/sige-bs.com\/fr\/"},{"@type":"ListItem","position":2,"name":"Inici de la Campanya de l&#8217;IRPF 2024: Claus i Recomanacions"}]},{"@type":"WebSite","@id":"https:\/\/sige-bs.com\/#website","url":"https:\/\/sige-bs.com\/","name":"SIGE","description":"","publisher":{"@id":"https:\/\/sige-bs.com\/#organization"},"potentialAction":[{"@type":"SearchAction","target":{"@type":"EntryPoint","urlTemplate":"https:\/\/sige-bs.com\/?s={search_term_string}"},"query-input":{"@type":"PropertyValueSpecification","valueRequired":true,"valueName":"search_term_string"}}],"inLanguage":"ca"},{"@type":"Organization","@id":"https:\/\/sige-bs.com\/#organization","name":"SIGE","url":"https:\/\/sige-bs.com\/","logo":{"@type":"ImageObject","inLanguage":"ca","@id":"https:\/\/sige-bs.com\/#\/schema\/logo\/image\/","url":"https:\/\/sige-bs.com\/wp-content\/uploads\/2022\/11\/Captura_de_pantalla__365_-removebg-preview-e1667848132214.png","contentUrl":"https:\/\/sige-bs.com\/wp-content\/uploads\/2022\/11\/Captura_de_pantalla__365_-removebg-preview-e1667848132214.png","width":100,"height":82,"caption":"SIGE"},"image":{"@id":"https:\/\/sige-bs.com\/#\/schema\/logo\/image\/"}},{"@type":"Person","@id":"https:\/\/sige-bs.com\/#\/schema\/person\/cf823dc31d7c60aee26a95193988488b","name":"David","image":{"@type":"ImageObject","inLanguage":"ca","@id":"https:\/\/secure.gravatar.com\/avatar\/9381e1910b0dad2f5b7826ca1f08127ab00e4778f9807f82857bf0fc72b60ae7?s=96&d=mm&r=g","url":"https:\/\/secure.gravatar.com\/avatar\/9381e1910b0dad2f5b7826ca1f08127ab00e4778f9807f82857bf0fc72b60ae7?s=96&d=mm&r=g","contentUrl":"https:\/\/secure.gravatar.com\/avatar\/9381e1910b0dad2f5b7826ca1f08127ab00e4778f9807f82857bf0fc72b60ae7?s=96&d=mm&r=g","caption":"David"},"url":"https:\/\/sige-bs.com\/ca\/author\/david\/"}]}},"_links":{"self":[{"href":"https:\/\/sige-bs.com\/ca\/wp-json\/wp\/v2\/posts\/12282","targetHints":{"allow":["GET"]}}],"collection":[{"href":"https:\/\/sige-bs.com\/ca\/wp-json\/wp\/v2\/posts"}],"about":[{"href":"https:\/\/sige-bs.com\/ca\/wp-json\/wp\/v2\/types\/post"}],"author":[{"embeddable":true,"href":"https:\/\/sige-bs.com\/ca\/wp-json\/wp\/v2\/users\/3"}],"replies":[{"embeddable":true,"href":"https:\/\/sige-bs.com\/ca\/wp-json\/wp\/v2\/comments?post=12282"}],"version-history":[{"count":1,"href":"https:\/\/sige-bs.com\/ca\/wp-json\/wp\/v2\/posts\/12282\/revisions"}],"predecessor-version":[{"id":12287,"href":"https:\/\/sige-bs.com\/ca\/wp-json\/wp\/v2\/posts\/12282\/revisions\/12287"}],"wp:featuredmedia":[{"embeddable":true,"href":"https:\/\/sige-bs.com\/ca\/wp-json\/wp\/v2\/media\/12283"}],"wp:attachment":[{"href":"https:\/\/sige-bs.com\/ca\/wp-json\/wp\/v2\/media?parent=12282"}],"wp:term":[{"taxonomy":"category","embeddable":true,"href":"https:\/\/sige-bs.com\/ca\/wp-json\/wp\/v2\/categories?post=12282"},{"taxonomy":"post_tag","embeddable":true,"href":"https:\/\/sige-bs.com\/ca\/wp-json\/wp\/v2\/tags?post=12282"}],"curies":[{"name":"wp","href":"https:\/\/api.w.org\/{rel}","templated":true}]}}